{"id":29948,"date":"2024-04-30T07:48:48","date_gmt":"2024-04-30T07:48:48","guid":{"rendered":"https:\/\/rauhankasvatus.fi\/?p=29948"},"modified":"2024-08-15T06:40:07","modified_gmt":"2024-08-15T06:40:07","slug":"rauhantyon-valtionavustus-lakkautetaan-isku-on-valtava-mutta-rauhankasvatusinstituutin-tyo-jatkuu","status":"publish","type":"post","link":"https:\/\/rauhankasvatus.fi\/rauhantyon-valtionavustus-lakkautetaan-isku-on-valtava-mutta-rauhankasvatusinstituutin-tyo-jatkuu\/","title":{"rendered":"Rauhanty\u00f6n valtionavustus lakkautetaan"},"content":{"rendered":"\t\t<div data-elementor-type=\"wp-post\" data-elementor-id=\"29948\" class=\"elementor elementor-29948\" data-elementor-post-type=\"post\">\n\t\t\t\t\t\t<section class=\"elementor-section elementor-top-section elementor-element elementor-element-1e6c6f4b elementor-section-boxed elementor-section-height-default elementor-section-height-default\" data-id=\"1e6c6f4b\" data-element_type=\"section\" data-settings=\"{&quot;background_background&quot;:&quot;classic&quot;}\">\n\t\t\t\t\t\t<div class=\"elementor-container elementor-column-gap-default\">\n\t\t\t\t\t<div class=\"elementor-column elementor-col-100 elementor-top-column elementor-element elementor-element-126526d3\" data-id=\"126526d3\" data-element_type=\"column\">\n\t\t\t<div class=\"elementor-widget-wrap elementor-element-populated\">\n\t\t\t\t\t\t<div class=\"elementor-element elementor-element-e23e681 elementor-absolute elementor-widget elementor-widget-heading\" data-id=\"e23e681\" data-element_type=\"widget\" data-settings=\"{&quot;_position&quot;:&quot;absolute&quot;}\" data-widget_type=\"heading.default\">\n\t\t\t\t<div class=\"elementor-widget-container\">\n\t\t\t\t\t<h1 class=\"elementor-heading-title elementor-size-default\">Rauhanty\u00f6n valtionavustus lakkautetaan \u2013 Isku on valtava, mutta Rauhankasvatusinstituutin ty\u00f6 jatkuu <\/h1>\t\t\t\t<\/div>\n\t\t\t\t<\/div>\n\t\t\t\t\t<\/div>\n\t\t<\/div>\n\t\t\t\t\t<\/div>\n\t\t<\/section>\n\t\t\t\t<section class=\"elementor-section elementor-top-section elementor-element elementor-element-5d2e8c10 elementor-section-boxed elementor-section-height-default elementor-section-height-default\" data-id=\"5d2e8c10\" data-element_type=\"section\">\n\t\t\t\t\t\t<div class=\"elementor-container elementor-column-gap-default\">\n\t\t\t\t\t<div class=\"elementor-column elementor-col-100 elementor-top-column elementor-element elementor-element-71a2d777\" data-id=\"71a2d777\" data-element_type=\"column\">\n\t\t\t<div class=\"elementor-widget-wrap\">\n\t\t\t\t\t\t\t<\/div>\n\t\t<\/div>\n\t\t\t\t\t<\/div>\n\t\t<\/section>\n\t\t\t\t<section class=\"elementor-section elementor-top-section elementor-element elementor-element-21ebd0d0 elementor-section-boxed elementor-section-height-default elementor-section-height-default\" data-id=\"21ebd0d0\" data-element_type=\"section\">\n\t\t\t\t\t\t<div class=\"elementor-container elementor-column-gap-default\">\n\t\t\t\t\t<div class=\"elementor-column elementor-col-16 elementor-top-column elementor-element elementor-element-1ff3698a\" data-id=\"1ff3698a\" data-element_type=\"column\">\n\t\t\t<div class=\"elementor-widget-wrap\">\n\t\t\t\t\t\t\t<\/div>\n\t\t<\/div>\n\t\t\t\t<div class=\"elementor-column elementor-col-66 elementor-top-column elementor-element elementor-element-67511fb8\" data-id=\"67511fb8\" data-element_type=\"column\">\n\t\t\t<div class=\"elementor-widget-wrap elementor-element-populated\">\n\t\t\t\t\t\t<div class=\"elementor-element elementor-element-4ae85bae elementor-widget elementor-widget-text-editor\" data-id=\"4ae85bae\" data-element_type=\"widget\" data-widget_type=\"text-editor.default\">\n\t\t\t\t<div class=\"elementor-widget-container\">\n\t\t\t\t\t\t\t\t\t<p><span class=\"TextRun SCXW190218469 BCX0\" lang=\"FI-FI\" xml:lang=\"FI-FI\" data-contrast=\"auto\"><span class=\"NormalTextRun SCXW190218469 BCX0\">Viime perjantaina 26.4.2024 <\/span><span class=\"NormalTextRun SCXW190218469 BCX0\">r<\/span><span class=\"NormalTextRun SCXW190218469 BCX0\">auhanty\u00f6n <\/span><span class=\"NormalTextRun SCXW190218469 BCX0\">yleisavustuksia <\/span><span class=\"NormalTextRun SCXW190218469 BCX0\">jakava oikeusministeri\u00f6 <\/span><span class=\"NormalTextRun SCXW190218469 BCX0\">kutsui<\/span><span class=\"NormalTextRun SCXW190218469 BCX0\"> avustuksia <\/span><span class=\"NormalTextRun SCXW190218469 BCX0\">saavi<\/span><span class=\"NormalTextRun SCXW190218469 BCX0\">en <\/span><span class=\"NormalTextRun SCXW190218469 BCX0\">j\u00e4rjest\u00f6<\/span><span class=\"NormalTextRun SCXW190218469 BCX0\">jen edustajia<\/span><span class=\"NormalTextRun SCXW190218469 BCX0\"> ep\u00e4viralliseen<\/span><span class=\"NormalTextRun SCXW190218469 BCX0\"> tila<\/span><span class=\"NormalTextRun SCXW190218469 BCX0\">i<\/span><span class=\"NormalTextRun SCXW190218469 BCX0\">suuteen<\/span><span class=\"NormalTextRun SCXW190218469 BCX0\">, j<\/span><span class=\"NormalTextRun SCXW190218469 BCX0\">onka<\/span><span class=\"NormalTextRun SCXW190218469 BCX0\"> sis\u00e4lt\u00f6n\u00e4 oli<\/span> <span class=\"NormalTextRun SCXW190218469 BCX0\">valtionavun lakkauttami<\/span><span class=\"NormalTextRun SCXW190218469 BCX0\">nen <\/span><span class=\"NormalTextRun SCXW190218469 BCX0\">vuoden 2025 alusta<\/span><span class=\"NormalTextRun SCXW190218469 BCX0\"> l\u00e4htien<\/span><span class=\"NormalTextRun SCXW190218469 BCX0\">. <\/span><span class=\"NormalTextRun SCXW190218469 BCX0\">Avustuksen tavoitteena on ollut tukea rauhanty\u00f6n avulla rauhaa, yhteiskunnallista vakautta ja konfliktien ehk\u00e4isy\u00e4.<\/span><span class=\"NormalTextRun SCXW190218469 BCX0\"> Hallituksen p\u00e4\u00e4t\u00f6s lakkauttaa rauhanty\u00f6n rahoitus <\/span><span class=\"NormalTextRun SCXW190218469 BCX0\">on <\/span><span class=\"NormalTextRun SCXW190218469 BCX0\">pys\u00e4ytt\u00e4v\u00e4 <\/span><span class=\"NormalTextRun SCXW190218469 BCX0\">ajassa, jossa Euroopassa k\u00e4yd\u00e4\u00e4n sotaa, polarisaatio kiihtyy <\/span><span class=\"NormalTextRun SCXW190218469 BCX0\">entisest\u00e4\u00e4n <\/span><span class=\"NormalTextRun SCXW190218469 BCX0\">ja jatkuvat <\/span><span class=\"NormalTextRun SCXW190218469 BCX0\">p\u00e4\u00e4llekk\u00e4iset<\/span><span class=\"NormalTextRun SCXW190218469 BCX0\"> kriisit aiheuttavat ep\u00e4vakautta<\/span> <span class=\"NormalTextRun SCXW190218469 BCX0\">yhteiskuntiin<\/span><span class=\"NormalTextRun SCXW190218469 BCX0\">. <\/span><span class=\"NormalTextRun SCXW190218469 BCX0\">R<\/span><span class=\"NormalTextRun SCXW190218469 BCX0\">ahoituksen<\/span><span class=\"NormalTextRun SCXW190218469 BCX0\"> lakkauttaminen voi tarkoittaa kuoliniskua monelle toimijalle.<\/span><\/span><span class=\"EOP SCXW190218469 BCX0\" data-ccp-props=\"{&quot;201341983&quot;:0,&quot;335559739&quot;:160,&quot;335559740&quot;:279}\">\u00a0<\/span><\/p>\t\t\t\t\t\t\t\t<\/div>\n\t\t\t\t<\/div>\n\t\t\t\t<div class=\"elementor-element elementor-element-39cb0802 elementor-widget elementor-widget-text-editor\" data-id=\"39cb0802\" data-element_type=\"widget\" data-widget_type=\"text-editor.default\">\n\t\t\t\t<div class=\"elementor-widget-container\">\n\t\t\t\t\t\t\t\t\t<p><span data-contrast=\"auto\">Rauhankasvatusinstituutti on ollut yksi suurimmista avustuksen saajista. Koulutuksemme, osaamisemme, materiaalintuotantomme ja toimintamme s\u00e4ilyy kuitenkin sovitusti j\u00e4rkytt\u00e4v\u00e4st\u00e4 p\u00e4\u00e4t\u00f6ksest\u00e4 huolimatta. Pystymme jatkamaan ty\u00f6t\u00e4mme, sill\u00e4 rahoituspohjamme on laaja, eik\u00e4 yksin riippuvainen valtionavustuksista. Suuri osa rahoituksestamme tulee eri EU l\u00e4hteist\u00e4.&nbsp;<\/span><span data-ccp-props=\"{&quot;201341983&quot;:0,&quot;335559739&quot;:0,&quot;335559740&quot;:279}\">&nbsp;<\/span><\/p>\n<p><span data-contrast=\"auto\">Jokaista yleisavustuseuroa kohti olemme onnistuneet saamaan kilpailluista EU-hankerahoituksista vuosittain v\u00e4hint\u00e4\u00e4n 10 euroa lis\u00e4\u00e4. T\u00e4m\u00e4 rahoitus on tosin vaakalaudalla, sill\u00e4 Suomen valtio ei sitoudu monen muun EU-maan lailla kansallisen vastinrahan tai omavastuuosuuksien kattamiseen.<\/span><span data-ccp-props=\"{&quot;201341983&quot;:0,&quot;335559739&quot;:160,&quot;335559740&quot;:279}\">&nbsp;<\/span><\/p>\n<p><span data-contrast=\"none\">Huoli tulevaisuudesta ja kasvavat viholliskuvat tarvitsevat vastapainokseen mahdollisuuksia toimia yhdess\u00e4, rakentaa luottamusta tulevaisuuteen ja iloita hyvist\u00e4 asioista maailmassa. Toivo on rauhankasvatuksen ydin. Toivo luo toimintaa ja toiminta luo toivoa. T\u00e4t\u00e4 kautta me my\u00f6s yhdess\u00e4 rakennamme yhteiskunnan kriisinkest\u00e4vyytt\u00e4.<\/span><span data-ccp-props=\"{&quot;201341983&quot;:0,&quot;335559739&quot;:0,&quot;335559740&quot;:279}\">&nbsp;<\/span><\/p>\n<p><span data-contrast=\"none\">Ty\u00f6ll\u00e4mme on konkreettinen ja suora merkitys ihmisten arkeen. Suurimmat kohderyhm\u00e4mme ovat kasvattajien kautta tavoittamamme suomalaiset lapset ja nuoret sek\u00e4 kansalaisyhteiskunta. Toimintamme tavoitti viime vuonna suoraan yli 50 000 henke\u00e4 koulutusten, tapahtumien ja materiaalien muodossa ja heid\u00e4n kauttaan v\u00e4lillisesti viel\u00e4 moninkertaisesti enemm\u00e4n. Ty\u00f6mme sis\u00e4ll\u00f6t ovat k\u00e4sitelleet rauhan lis\u00e4ksi erityisesti yhdenvertaisuutta, tasa-arvoa ja antirasismia. <\/span>&nbsp;<\/p>\n<p><span data-contrast=\"auto\">Visiomme yhteiskunnasta, <\/span><i><span data-contrast=\"auto\">j<\/span><\/i><i><span data-contrast=\"none\">ossa yksil\u00f6t ja yhteis\u00f6t toimivat rohkeasti rauhan, vastuullisuuden, demokratian, v\u00e4kivallattomuuden ja globaalin oikeudenmukaisuuden puolesta ja ovat valmiita haastamaan eriarvoistavat normit, valtarakenteet ja ajattelutavat<\/span><\/i><span data-contrast=\"none\"> on t\u00e4rke\u00e4mpi, kuin pitk\u00e4\u00e4n aikaan. <\/span><span data-contrast=\"auto\">Demokraattinen yhteiskunta ei selvi\u00e4 ilman moni\u00e4\u00e4nist\u00e4 ja kriittist\u00e4 kansalaisyhteiskuntaa, johon leikkaus kohdistuu rajuimmin. <\/span><span data-contrast=\"none\">Kriisien ajassa el\u00e4minen tarvitsee laajaa yhteiskunnallista keskustelua, erityisesti rauhasta ja sen rakentamisesta. <\/span><span data-ccp-props=\"{&quot;201341983&quot;:0,&quot;335559739&quot;:0,&quot;335559740&quot;:240}\">&nbsp;<\/span><\/p>\n<p><span data-ccp-props=\"{&quot;201341983&quot;:0,&quot;335559739&quot;:0,&quot;335559740&quot;:279}\">&nbsp;<\/span><span data-contrast=\"auto\">Kutsumme kaikki mukaan rakentamaan kanssamme kest\u00e4v\u00e4mp\u00e4\u00e4 yhteiskuntaa, jossa voimme toimia yhdess\u00e4 ja rakentaa toivoa tulevaisuuteen, vaikka leikkausp\u00e4\u00e4t\u00f6s aiheuttaa suuren haasteen moni\u00e4\u00e4nisen ja kriittisen kansalaisyhteiskunnan toiminnalle. <\/span>&nbsp;<\/p>\n<p><b><span data-contrast=\"none\">Tue ty\u00f6t\u00e4mme ostamalla julkaisumme <\/span><\/b><b><i><span data-contrast=\"none\">40 n\u00e4k\u00f6kulmaa rauhaan<\/span><\/i><\/b><b><span data-contrast=\"none\"> ja <\/span><\/b><b><i><span data-contrast=\"none\">Kohti syrjim\u00e4t\u00f6nt\u00e4 koulua<\/span><\/i><\/b><b><span data-contrast=\"none\"> Rauhanpuolustajien verkkokaupasta. Teokset tarjoavat sek\u00e4 n\u00e4k\u00f6kulmia ett\u00e4 k\u00e4yt\u00e4nn\u00f6n ty\u00f6kaluja rauhanty\u00f6h\u00f6n kouluissa ja laajemmin yhteiskunnassa. <\/span><\/b><a href=\"https:\/\/rauhanpuolustajat.org\/kirja\/40-nakokulmaa-rauhaan-kohti-syrjimatonta-koulua-oma-oppimispaivakirjani-kimppatuote\/\"><b><span data-contrast=\"none\">https:\/\/rauhanpuolustajat.org\/kirja\/40-nakokulmaa-rauhaan-kohti-syrjimatonta-koulua-oma-oppimispaivakirjani-kimppatuote\/<\/span><\/b><\/a> &nbsp;<\/p>\t\t\t\t\t\t\t\t<\/div>\n\t\t\t\t<\/div>\n\t\t\t\t<div class=\"elementor-element elementor-element-45a386a5 elementor-widget elementor-widget-spacer\" data-id=\"45a386a5\" data-element_type=\"widget\" data-widget_type=\"spacer.default\">\n\t\t\t\t<div class=\"elementor-widget-container\">\n\t\t\t\t\t\t\t<div class=\"elementor-spacer\">\n\t\t\t<div class=\"elementor-spacer-inner\"><\/div>\n\t\t<\/div>\n\t\t\t\t\t\t<\/div>\n\t\t\t\t<\/div>\n\t\t\t\t<div class=\"elementor-element elementor-element-3b699346 elementor-widget elementor-widget-spacer\" data-id=\"3b699346\" data-element_type=\"widget\" data-widget_type=\"spacer.default\">\n\t\t\t\t<div class=\"elementor-widget-container\">\n\t\t\t\t\t\t\t<div class=\"elementor-spacer\">\n\t\t\t<div class=\"elementor-spacer-inner\"><\/div>\n\t\t<\/div>\n\t\t\t\t\t\t<\/div>\n\t\t\t\t<\/div>\n\t\t\t\t\t<\/div>\n\t\t<\/div>\n\t\t\t\t<div class=\"elementor-column elementor-col-16 elementor-top-column elementor-element elementor-element-72a748b2\" data-id=\"72a748b2\" data-element_type=\"column\">\n\t\t\t<div class=\"elementor-widget-wrap elementor-element-populated\">\n\t\t\t\t\t\t<div class=\"elementor-element elementor-element-b698f51 elementor-widget elementor-widget-image\" data-id=\"b698f51\" data-element_type=\"widget\" data-widget_type=\"image.default\">\n\t\t\t\t<div class=\"elementor-widget-container\">\n\t\t\t\t\t\t\t\t\t\t\t\t\t\t\t<img fetchpriority=\"high\" decoding=\"async\" width=\"800\" height=\"600\" src=\"https:\/\/rauhankasvatus.fi\/wp-content\/uploads\/2024\/04\/Kirjat-1024x768.jpg\" class=\"attachment-large size-large wp-image-29957\" alt=\"Kaksi kirjaa, joista toinen on violetti ja siin\u00e4 lukee 40 n\u00e4k\u00f6kulmaa rauhaan. Toinen kirja on valkoinen ja siin\u00e4 lukee kohti syrjim\u00e4t\u00f6nt\u00e4 koulua, oma oppimisp\u00e4iv\u00e4kirjani.\" srcset=\"https:\/\/rauhankasvatus.fi\/wp-content\/uploads\/2024\/04\/Kirjat-1024x768.jpg 1024w, https:\/\/rauhankasvatus.fi\/wp-content\/uploads\/2024\/04\/Kirjat-300x225.jpg 300w, https:\/\/rauhankasvatus.fi\/wp-content\/uploads\/2024\/04\/Kirjat-768x576.jpg 768w, https:\/\/rauhankasvatus.fi\/wp-content\/uploads\/2024\/04\/Kirjat-1536x1152.jpg 1536w, https:\/\/rauhankasvatus.fi\/wp-content\/uploads\/2024\/04\/Kirjat-2048x1536.jpg 2048w\" sizes=\"(max-width: 800px) 100vw, 800px\" \/>\t\t\t\t\t\t\t\t\t\t\t\t\t\t\t<\/div>\n\t\t\t\t<\/div>\n\t\t\t\t<div class=\"elementor-element elementor-element-5b2fa21 elementor-widget elementor-widget-text-editor\" data-id=\"5b2fa21\" data-element_type=\"widget\" data-widget_type=\"text-editor.default\">\n\t\t\t\t<div class=\"elementor-widget-container\">\n\t\t\t\t\t\t\t\t\t<p><a href=\"https:\/\/rauhanpuolustajat.org\/kirja\/40-nakokulmaa-rauhaan-kohti-syrjimatonta-koulua-oma-oppimispaivakirjani-kimppatuote\/\"><b><span data-contrast=\"none\">Tue ty\u00f6t\u00e4mme ostamalla julkaisumme\u00a0<\/span><\/b><b><i><span data-contrast=\"none\">40 n\u00e4k\u00f6kulmaa rauhaan<\/span><\/i><\/b><b><span data-contrast=\"none\">\u00a0ja\u00a0<\/span><\/b><b><i><span data-contrast=\"none\">Kohti syrjim\u00e4t\u00f6nt\u00e4 koulua<\/span><\/i><\/b><b><span data-contrast=\"none\">\u00a0Rauhanpuolustajien verkkokaupasta. Teokset tarjoavat sek\u00e4 n\u00e4k\u00f6kulmia ett\u00e4 k\u00e4yt\u00e4nn\u00f6n rauhanty\u00f6h\u00f6n kouluissa ja laajemmin yhteiskunnassa.\u00a0<\/span><\/b><\/a><\/p>\t\t\t\t\t\t\t\t<\/div>\n\t\t\t\t<\/div>\n\t\t\t\t\t<\/div>\n\t\t<\/div>\n\t\t\t\t\t<\/div>\n\t\t<\/section>\n\t\t\t\t<section class=\"elementor-section elementor-top-section elementor-element elementor-element-fe40a71 elementor-section-boxed elementor-section-height-default elementor-section-height-default\" data-id=\"fe40a71\" data-element_type=\"section\">\n\t\t\t\t\t\t<div class=\"elementor-container elementor-column-gap-default\">\n\t\t\t\t\t<div class=\"elementor-column elementor-col-33 elementor-top-column elementor-element elementor-element-462d849b\" data-id=\"462d849b\" data-element_type=\"column\">\n\t\t\t<div class=\"elementor-widget-wrap\">\n\t\t\t\t\t\t\t<\/div>\n\t\t<\/div>\n\t\t\t\t<div class=\"elementor-column elementor-col-33 elementor-top-column elementor-element elementor-element-375e4bff\" data-id=\"375e4bff\" data-element_type=\"column\">\n\t\t\t<div class=\"elementor-widget-wrap\">\n\t\t\t\t\t\t\t<\/div>\n\t\t<\/div>\n\t\t\t\t<div class=\"elementor-column elementor-col-33 elementor-top-column elementor-element elementor-element-53cb651d\" data-id=\"53cb651d\" data-element_type=\"column\">\n\t\t\t<div class=\"elementor-widget-wrap\">\n\t\t\t\t\t\t\t<\/div>\n\t\t<\/div>\n\t\t\t\t\t<\/div>\n\t\t<\/section>\n\t\t\t\t<\/div>\n\t\t","protected":false},"excerpt":{"rendered":"<p>Viime perjantaina 26.4.2024 rauhanty\u00f6n yleisavustuksia jakava oikeusministeri\u00f6 kutsui avustuksia saavien j\u00e4rjest\u00f6jen edustajia ep\u00e4viralliseen tilaisuuteen, jonka sis\u00e4lt\u00f6n\u00e4 oli valtionavun lakkauttaminen vuoden 2025 alusta l\u00e4htien. Hallituksen p\u00e4\u00e4t\u00f6s lakkauttaa rauhanty\u00f6n rahoitus on pys\u00e4ytt\u00e4v\u00e4 ajassa, jossa Euroopassa k\u00e4yd\u00e4\u00e4n sotaa, polarisaatio kiihtyy entisest\u00e4\u00e4n ja jatkuvat p\u00e4\u00e4llekk\u00e4iset kriisit aiheuttavat ep\u00e4vakautta yhteiskuntiin. <\/p>\n","protected":false},"author":2,"featured_media":29949,"comment_status":"closed","ping_status":"open","sticky":false,"template":"","format":"standard","meta":{"om_disable_all_campaigns":false,"_monsterinsights_skip_tracking":false,"_monsterinsights_sitenote_active":false,"_monsterinsights_sitenote_note":"","_monsterinsights_sitenote_category":0,"footnotes":"","_links_to":"","_links_to_target":""},"categories":[1],"tags":[],"class_list":["post-29948","post","type-post","status-publish","format-standard","has-post-thumbnail","hentry","category-uncategorized-fi"],"aioseo_notices":[],"_links":{"self":[{"href":"https:\/\/rauhankasvatus.fi\/en\/wp-json\/wp\/v2\/posts\/29948","targetHints":{"allow":["GET"]}}],"collection":[{"href":"https:\/\/rauhankasvatus.fi\/en\/wp-json\/wp\/v2\/posts"}],"about":[{"href":"https:\/\/rauhankasvatus.fi\/en\/wp-json\/wp\/v2\/types\/post"}],"author":[{"embeddable":true,"href":"https:\/\/rauhankasvatus.fi\/en\/wp-json\/wp\/v2\/users\/2"}],"replies":[{"embeddable":true,"href":"https:\/\/rauhankasvatus.fi\/en\/wp-json\/wp\/v2\/comments?post=29948"}],"version-history":[{"count":19,"href":"https:\/\/rauhankasvatus.fi\/en\/wp-json\/wp\/v2\/posts\/29948\/revisions"}],"predecessor-version":[{"id":30161,"href":"https:\/\/rauhankasvatus.fi\/en\/wp-json\/wp\/v2\/posts\/29948\/revisions\/30161"}],"wp:featuredmedia":[{"embeddable":true,"href":"https:\/\/rauhankasvatus.fi\/en\/wp-json\/wp\/v2\/media\/29949"}],"wp:attachment":[{"href":"https:\/\/rauhankasvatus.fi\/en\/wp-json\/wp\/v2\/media?parent=29948"}],"wp:term":[{"taxonomy":"category","embeddable":true,"href":"https:\/\/rauhankasvatus.fi\/en\/wp-json\/wp\/v2\/categories?post=29948"},{"taxonomy":"post_tag","embeddable":true,"href":"https:\/\/rauhankasvatus.fi\/en\/wp-json\/wp\/v2\/tags?post=29948"}],"curies":[{"name":"wp","href":"https:\/\/api.w.org\/{rel}","templated":true}]}}