{"id":2811,"date":"2021-05-07T09:25:01","date_gmt":"2021-05-07T09:25:01","guid":{"rendered":"https:\/\/rauhankasvatus.fi\/?page_id=2811"},"modified":"2021-05-07T09:44:50","modified_gmt":"2021-05-07T09:44:50","slug":"european-voluntary-service","status":"publish","type":"post","link":"https:\/\/rauhankasvatus.fi\/en\/european-voluntary-service\/","title":{"rendered":"European voluntary service"},"content":{"rendered":"\t\t<div data-elementor-type=\"wp-page\" data-elementor-id=\"2811\" class=\"elementor elementor-2811\" data-elementor-post-type=\"post\">\n\t\t\t\t\t\t<section class=\"elementor-section elementor-top-section elementor-element elementor-element-50544c9f elementor-section-boxed elementor-section-height-default elementor-section-height-default\" data-id=\"50544c9f\" data-element_type=\"section\" data-settings=\"{&quot;background_background&quot;:&quot;classic&quot;}\">\n\t\t\t\t\t\t<div class=\"elementor-container elementor-column-gap-default\">\n\t\t\t\t\t<div class=\"elementor-column elementor-col-100 elementor-top-column elementor-element elementor-element-23e6e799\" data-id=\"23e6e799\" data-element_type=\"column\">\n\t\t\t<div class=\"elementor-widget-wrap elementor-element-populated\">\n\t\t\t\t\t\t<div class=\"elementor-element elementor-element-28e7a7f5 elementor-widget elementor-widget-heading\" data-id=\"28e7a7f5\" data-element_type=\"widget\" data-widget_type=\"heading.default\">\n\t\t\t\t<div class=\"elementor-widget-container\">\n\t\t\t\t\t<h1 class=\"elementor-heading-title elementor-size-default\">European voluntary service \u2013 ty\u00f6kokemusta ja perspektiivi\u00e4 eri puolilta Eurooppaa<\/h1>\t\t\t\t<\/div>\n\t\t\t\t<\/div>\n\t\t\t\t\t<\/div>\n\t\t<\/div>\n\t\t\t\t\t<\/div>\n\t\t<\/section>\n\t\t\t\t<section class=\"elementor-section elementor-top-section elementor-element elementor-element-4b078e95 elementor-section-boxed elementor-section-height-default elementor-section-height-default\" data-id=\"4b078e95\" data-element_type=\"section\">\n\t\t\t\t\t\t<div class=\"elementor-container elementor-column-gap-default\">\n\t\t\t\t\t<div class=\"elementor-column elementor-col-100 elementor-top-column elementor-element elementor-element-15ee3c69\" data-id=\"15ee3c69\" data-element_type=\"column\">\n\t\t\t<div class=\"elementor-widget-wrap elementor-element-populated\">\n\t\t\t\t\t\t<div class=\"elementor-element elementor-element-62f02e4d elementor-hidden-tablet elementor-widget elementor-widget-spacer\" data-id=\"62f02e4d\" data-element_type=\"widget\" data-widget_type=\"spacer.default\">\n\t\t\t\t<div class=\"elementor-widget-container\">\n\t\t\t\t\t\t\t<div class=\"elementor-spacer\">\n\t\t\t<div class=\"elementor-spacer-inner\"><\/div>\n\t\t<\/div>\n\t\t\t\t\t\t<\/div>\n\t\t\t\t<\/div>\n\t\t\t\t\t<\/div>\n\t\t<\/div>\n\t\t\t\t\t<\/div>\n\t\t<\/section>\n\t\t\t\t<section class=\"elementor-section elementor-top-section elementor-element elementor-element-55d827c2 elementor-section-boxed elementor-section-height-default elementor-section-height-default\" data-id=\"55d827c2\" data-element_type=\"section\">\n\t\t\t\t\t\t<div class=\"elementor-container elementor-column-gap-default\">\n\t\t\t\t\t<div class=\"elementor-column elementor-col-16 elementor-top-column elementor-element elementor-element-34210cf3\" data-id=\"34210cf3\" data-element_type=\"column\">\n\t\t\t<div class=\"elementor-widget-wrap\">\n\t\t\t\t\t\t\t<\/div>\n\t\t<\/div>\n\t\t\t\t<div class=\"elementor-column elementor-col-66 elementor-top-column elementor-element elementor-element-6ca7025a\" data-id=\"6ca7025a\" data-element_type=\"column\">\n\t\t\t<div class=\"elementor-widget-wrap elementor-element-populated\">\n\t\t\t\t\t\t<div class=\"elementor-element elementor-element-665fde23 elementor-widget elementor-widget-text-editor\" data-id=\"665fde23\" data-element_type=\"widget\" data-widget_type=\"text-editor.default\">\n\t\t\t\t<div class=\"elementor-widget-container\">\n\t\t\t\t\t\t\t\t\t<p><span data-contrast=\"auto\">Vuosien 2017 ja 2018 aikana RKI l\u00e4hetti maailmalle useita innostuneita<\/span><span data-contrast=\"auto\">,<\/span><span data-contrast=\"auto\">\u00a0vapaaehtoisia nuoria kokemaan ja oppimaan uutta EVS-ohjelman kautta. Ohjelmalla tuetaan nuorten kansainv\u00e4listymismahdollisuuksia, ty\u00f6el\u00e4m\u00e4\u00e4n ja koulutukseen p\u00e4\u00e4sy\u00e4 ja yhdenvertaista osallistumista. Toimimme yhteisty\u00f6ss\u00e4 erityisesti sellaisten j\u00e4rjest\u00f6jen kanssa, joiden toiminnassa on\u00a0<\/span><span data-contrast=\"auto\">syrj\u00e4ytymisvaarassa<\/span><span data-contrast=\"auto\">\u00a0olevia nuoria.<\/span><span data-ccp-props=\"{&quot;201341983&quot;:0,&quot;335559739&quot;:160,&quot;335559740&quot;:240}\">\u00a0<\/span><\/p><p><span data-contrast=\"auto\">EVS on lyhenne sanoista European\u00a0<\/span><span data-contrast=\"auto\">Voluntary<\/span><span data-contrast=\"auto\">\u00a0Service, eurooppalainen vapaaehtoisty\u00f6. Se on osa EU:n koordinoimaa Erasmus+ -ohjelmaa, joka l\u00e4hett\u00e4\u00e4 nuoria ymp\u00e4ri maailmaa ty\u00f6skentelem\u00e4\u00e4n erilaisten projektien parissa ja saamaan kansainv\u00e4list\u00e4 kokemusta. Tarjolla on\u00a0<\/span><span data-contrast=\"auto\">esimerkiksi<\/span><span data-contrast=\"auto\">\u00a0nuor<\/span><span data-contrast=\"auto\">isoty\u00f6t\u00e4,\u00a0<\/span><span data-contrast=\"auto\">kulttuurin edist\u00e4mis<\/span><span data-contrast=\"auto\">ty\u00f6t\u00e4<\/span><span data-contrast=\"auto\">\u00a0<\/span><span data-contrast=\"auto\">tai<\/span><span data-contrast=\"auto\">\u00a0ymp\u00e4rist\u00f6nsuoje<\/span><span data-contrast=\"auto\">lua<\/span><span data-contrast=\"auto\">.\u00a0<\/span><span data-ccp-props=\"{&quot;201341983&quot;:0,&quot;335559739&quot;:160,&quot;335559740&quot;:240}\">\u00a0<\/span><\/p><p><span data-contrast=\"auto\">Alla on esitelty nelj\u00e4 toteuttamaamme EVS-hanketta ja kokemuksia niihin osallistuneilta.<\/span><span data-ccp-props=\"{&quot;201341983&quot;:0,&quot;335559739&quot;:160,&quot;335559740&quot;:240}\">\u00a0<\/span><\/p>\t\t\t\t\t\t\t\t<\/div>\n\t\t\t\t<\/div>\n\t\t\t\t<div class=\"elementor-element elementor-element-279f3074 elementor-widget elementor-widget-heading\" data-id=\"279f3074\" data-element_type=\"widget\" data-widget_type=\"heading.default\">\n\t\t\t\t<div class=\"elementor-widget-container\">\n\t\t\t\t\t<h2 class=\"elementor-heading-title elementor-size-default\">Henriikka terapiahevostallilla Portugalissa <\/h2>\t\t\t\t<\/div>\n\t\t\t\t<\/div>\n\t\t\t\t<div class=\"elementor-element elementor-element-a301ea4 elementor-widget elementor-widget-video\" data-id=\"a301ea4\" data-element_type=\"widget\" data-settings=\"{&quot;video_type&quot;:&quot;vimeo&quot;}\" data-widget_type=\"video.default\">\n\t\t\t\t<div class=\"elementor-widget-container\">\n\t\t\t\t\t\t\t<div class=\"elementor-wrapper elementor-open-inline\">\n\t\t\t<iframe class=\"elementor-video-iframe\" allowfullscreen allow=\"clipboard-write\" title=\"vimeo-videosoitin\" src=\"https:\/\/player.vimeo.com\/video\/247293212?color&amp;autopause=0&amp;loop=0&amp;muted=0&amp;title=0&amp;portrait=0&amp;byline=0#t=\"><\/iframe>\t\t<\/div>\n\t\t\t\t\t\t<\/div>\n\t\t\t\t<\/div>\n\t\t\t\t<div class=\"elementor-element elementor-element-4eaaeb70 elementor-widget elementor-widget-text-editor\" data-id=\"4eaaeb70\" data-element_type=\"widget\" data-widget_type=\"text-editor.default\">\n\t\t\t\t<div class=\"elementor-widget-container\">\n\t\t\t\t\t\t\t\t\t<p><span data-contrast=\"auto\">Henriikka l\u00e4hti ensimm\u00e4isen\u00e4\u00a0<\/span><span data-contrast=\"auto\">RKI:n<\/span><span data-contrast=\"auto\">\u00a0l\u00e4hett\u00e4m\u00e4n\u00e4 EVS-nuorena vapaaehtoist\u00f6ihin\u00a0<\/span><span data-contrast=\"auto\">Figueira<\/span><span data-contrast=\"auto\">\u00a0de\u00a0<\/span><span data-contrast=\"auto\">Foziin<\/span><span data-contrast=\"auto\">, Portugaliin kes\u00e4kuussa 2017. Henriikka vietti Portugalissa vuoden ty\u00f6skennellen\u00a0<\/span><span data-contrast=\"auto\">Cavalo<\/span><span data-contrast=\"auto\">\u00a0<\/span><span data-contrast=\"auto\">Amigo<\/span><span data-contrast=\"auto\">\u00a0\u2013hevosterapiatallilla, joka auttaa kehitysvammaisia ihmisi\u00e4\u00a0<\/span><span data-contrast=\"auto\">maksuttoman\u00a0<\/span><span data-contrast=\"auto\">hevosterapian avulla.\u202f\u202f<\/span><span data-ccp-props=\"{&quot;201341983&quot;:0,&quot;335559739&quot;:160,&quot;335559740&quot;:240}\">\u00a0<\/span><\/p><p><span data-contrast=\"auto\">Puolen vuoden j\u00e4lkeen k\u00e4vimme Henriikan luona kysym\u00e4ss\u00e4<\/span><span data-contrast=\"auto\">,<\/span><span data-contrast=\"auto\">\u00a0milt\u00e4 ensimm\u00e4inen puoli vuotta tuntui<\/span><span data-contrast=\"auto\">.\u00a0<\/span><span data-contrast=\"auto\">Yll\u00e4 olevalla\u00a0<\/span><span data-contrast=\"none\">videolla\u00a0<\/span><span data-contrast=\"auto\">Henriikka kertoo tuntemuksiaan Portugalista.<\/span><span data-ccp-props=\"{&quot;201341983&quot;:0,&quot;335559739&quot;:160,&quot;335559740&quot;:240}\">\u00a0<\/span><\/p>\t\t\t\t\t\t\t\t<\/div>\n\t\t\t\t<\/div>\n\t\t\t\t<div class=\"elementor-element elementor-element-cd37a16 elementor-widget elementor-widget-spacer\" data-id=\"cd37a16\" data-element_type=\"widget\" data-widget_type=\"spacer.default\">\n\t\t\t\t<div class=\"elementor-widget-container\">\n\t\t\t\t\t\t\t<div class=\"elementor-spacer\">\n\t\t\t<div class=\"elementor-spacer-inner\"><\/div>\n\t\t<\/div>\n\t\t\t\t\t\t<\/div>\n\t\t\t\t<\/div>\n\t\t\t\t<div class=\"elementor-element elementor-element-44eea86 elementor-widget elementor-widget-heading\" data-id=\"44eea86\" data-element_type=\"widget\" data-widget_type=\"heading.default\">\n\t\t\t\t<div class=\"elementor-widget-container\">\n\t\t\t\t\t<h2 class=\"elementor-heading-title elementor-size-default\">Ljubljana Pride \u2013 Enemm\u00e4n kuin paraati <\/h2>\t\t\t\t<\/div>\n\t\t\t\t<\/div>\n\t\t\t\t<div class=\"elementor-element elementor-element-f7380d9 elementor-widget elementor-widget-video\" data-id=\"f7380d9\" data-element_type=\"widget\" data-settings=\"{&quot;video_type&quot;:&quot;vimeo&quot;}\" data-widget_type=\"video.default\">\n\t\t\t\t<div class=\"elementor-widget-container\">\n\t\t\t\t\t\t\t<div class=\"elementor-wrapper elementor-open-inline\">\n\t\t\t<iframe class=\"elementor-video-iframe\" allowfullscreen allow=\"clipboard-write\" title=\"vimeo-videosoitin\" src=\"https:\/\/player.vimeo.com\/video\/342087672?color&amp;autopause=0&amp;loop=0&amp;muted=0&amp;title=0&amp;portrait=0&amp;byline=0#t=\"><\/iframe>\t\t<\/div>\n\t\t\t\t\t\t<\/div>\n\t\t\t\t<\/div>\n\t\t\t\t<div class=\"elementor-element elementor-element-325a20a9 elementor-widget elementor-widget-text-editor\" data-id=\"325a20a9\" data-element_type=\"widget\" data-widget_type=\"text-editor.default\">\n\t\t\t\t<div class=\"elementor-widget-container\">\n\t\t\t\t\t\t\t\t\t<p><span data-contrast=\"auto\">Kes\u00e4kuussa 2018 Slovenian Ljubljanassa marssittiin yli 3000 ihmisen voimin LGBTIQ+ -v\u00e4hemmist\u00f6jen oikeuksien puolesta\u202f<\/span><span data-contrast=\"auto\">P<\/span><span data-contrast=\"auto\">ride<\/span><span data-contrast=\"auto\">\u2013viikon huipentaneessa paraatissa.\u00a0<\/span><span data-contrast=\"auto\">Vuoden\u00a0<\/span><span data-contrast=\"auto\">2018\u202f<\/span><span data-contrast=\"auto\">Pride<\/span><span data-contrast=\"auto\">&#8211;<\/span><span data-contrast=\"auto\">teemana oli\u202f<\/span><span data-contrast=\"auto\">intersektionaalisuus<\/span><span data-contrast=\"auto\">\u202fja mukana marssimassa olivat my\u00f6s\u00a0<\/span><span data-contrast=\"auto\">RKI:n<\/span><span data-contrast=\"auto\">\u00a0<\/span><span data-contrast=\"auto\">paikalle l\u00e4hett\u00e4m<\/span><span data-contrast=\"auto\">\u00e4t<\/span><span data-contrast=\"auto\">\u202fsuomalaiset Julianna Brandt, Dakota\u202f<\/span><span data-contrast=\"auto\">Demirbas<\/span><span data-contrast=\"auto\">\u202fja Heini Salo. Kaikki kolme olivat kaupungissa EVS-vapaaehtoisty\u00f6n merkeiss\u00e4 tutustumassa<\/span><span data-contrast=\"auto\">, miten\u00a0<\/span><span data-contrast=\"auto\">pride<\/span><span data-contrast=\"auto\">\u2013tapahtuma<\/span><span data-contrast=\"auto\">\u00a0j\u00e4rjestet\u00e4\u00e4n<\/span><span data-contrast=\"auto\">\u00a0t\u00e4ysin vapaaehtoisin voimin.<\/span><span data-ccp-props=\"{&quot;201341983&quot;:0,&quot;335559739&quot;:160,&quot;335559740&quot;:240}\">\u00a0<\/span><\/p><p><span data-ccp-props=\"{&quot;201341983&quot;:0,&quot;335559739&quot;:160,&quot;335559740&quot;:240}\"><span class=\"TextRun SCXW237609852 BCX0\" lang=\"FI-FI\" xml:lang=\"FI-FI\" data-contrast=\"auto\"><span class=\"NormalTextRun SCXW237609852 BCX0\">Julianna valmisteli suosituksia inklusiivisesta <\/span><\/span><span class=\"TextRun SCXW237609852 BCX0\" lang=\"FI-FI\" xml:lang=\"FI-FI\" data-contrast=\"auto\"><span class=\"NormalTextRun SCXW237609852 BCX0\">ja<\/span><\/span><span class=\"TextRun SCXW237609852 BCX0\" lang=\"FI-FI\" xml:lang=\"FI-FI\" data-contrast=\"auto\"><span class=\"NormalTextRun SCXW237609852 BCX0\">\u00a0<\/span><\/span><span class=\"TextRun SCXW237609852 BCX0\" lang=\"FI-FI\" xml:lang=\"FI-FI\" data-contrast=\"auto\"><span class=\"NormalTextRun SpellingErrorV2 SCXW237609852 BCX0\">intersektionaalisesta<\/span><\/span><span class=\"TextRun SCXW237609852 BCX0\" lang=\"FI-FI\" xml:lang=\"FI-FI\" data-contrast=\"auto\"><span class=\"NormalTextRun SCXW237609852 BCX0\">\u00a0ty\u00f6otteesta eri j\u00e4rjest\u00f6jen toiminnassa. Lis\u00e4ksi h\u00e4n veti tukiryhm\u00e4\u00e4 LGBTQI+-yhteis\u00f6n j\u00e4senille, jotka kuuluvat my\u00f6s muihin marginalisoituihin ryhmiin. Dakota ty\u00f6skenteli varainhankintatiimiss\u00e4, etsi sopivia yhteisty\u00f6kumppaneita sek\u00e4 kestitsi kansainv\u00e4lisi\u00e4 opintovieraita. Heinin ty\u00f6n\u00e4\u00a0<\/span><\/span><span class=\"TextRun SCXW237609852 BCX0\" lang=\"FI-FI\" xml:lang=\"FI-FI\" data-contrast=\"auto\"><span class=\"NormalTextRun SpellingErrorV2 SCXW237609852 BCX0\">Pride<\/span><\/span><span class=\"TextRun SCXW237609852 BCX0\" lang=\"FI-FI\" xml:lang=\"FI-FI\" data-contrast=\"auto\"><span class=\"NormalTextRun SCXW237609852 BCX0\">-viikolla oli tapahtumien dokumentointi, videoiden ja valokuvien ottaminen sek\u00e4 editointi.\u202f Juliannalla oli kokemuksesta pelkk\u00e4\u00e4 positiivista sanottavaa, ja\u00a0<\/span><\/span><span class=\"TextRun SCXW237609852 BCX0\" lang=\"FI-FI\" xml:lang=\"FI-FI\" data-contrast=\"auto\"><span class=\"NormalTextRun SCXW237609852 BCX0\">h\u00e4n kannustaakin kaikkia nuoria tarttumaan tilaisuuteen ja l\u00e4htem\u00e4\u00e4n EVS-vapaaehtoiseksi.\u202f\u202f<\/span><\/span><span class=\"EOP SCXW237609852 BCX0\" data-ccp-props=\"{&quot;201341983&quot;:0,&quot;335559739&quot;:160,&quot;335559740&quot;:240}\">\u00a0<\/span><\/span><\/p><p><b><span data-contrast=\"auto\">Lue\u202flis\u00e4\u00e4 kolmikon mietteist\u00e4\u00a0<\/span><\/b><b><span data-contrast=\"auto\">Pridess\u00e4<\/span><\/b><b><span data-contrast=\"auto\">\u00a0ty\u00f6skentelyst\u00e4\u00a0<\/span><\/b><b><span data-contrast=\"auto\">RKI:n<\/span><\/b><b><span data-contrast=\"auto\">\u202f<\/span><\/b><a href=\"http:\/\/stories.rauhankasvatus.fi\/lubljanapride\/index.html\"><b><span data-contrast=\"none\">multimedia-artikkelista<\/span><\/b><\/a><b><span data-contrast=\"auto\">.<\/span><\/b><span data-ccp-props=\"{&quot;201341983&quot;:0,&quot;335559739&quot;:160,&quot;335559740&quot;:240}\">\u00a0<\/span><\/p>\t\t\t\t\t\t\t\t<\/div>\n\t\t\t\t<\/div>\n\t\t\t\t<div class=\"elementor-element elementor-element-6661e70f elementor-widget elementor-widget-heading\" data-id=\"6661e70f\" data-element_type=\"widget\" data-widget_type=\"heading.default\">\n\t\t\t\t<div class=\"elementor-widget-container\">\n\t\t\t\t\t<h2 class=\"elementor-heading-title elementor-size-default\">Joona ja Otso tukivat luovaa nuorisoty\u00f6t\u00e4 Sloveniassa <\/h2>\t\t\t\t<\/div>\n\t\t\t\t<\/div>\n\t\t\t\t<div class=\"elementor-element elementor-element-262c86e elementor-widget elementor-widget-image\" data-id=\"262c86e\" data-element_type=\"widget\" data-widget_type=\"image.default\">\n\t\t\t\t<div class=\"elementor-widget-container\">\n\t\t\t\t\t\t\t\t\t\t\t\t\t\t\t<img fetchpriority=\"high\" decoding=\"async\" width=\"800\" height=\"534\" src=\"https:\/\/rauhankasvatus.fi\/wp-content\/uploads\/2021\/05\/EVS-Joona-ja-Otso-1024x683.jpg\" class=\"attachment-large size-large wp-image-2823\" alt=\"Joona ja Otso katsovat kameraan.\" srcset=\"https:\/\/rauhankasvatus.fi\/wp-content\/uploads\/2021\/05\/EVS-Joona-ja-Otso-1024x683.jpg 1024w, https:\/\/rauhankasvatus.fi\/wp-content\/uploads\/2021\/05\/EVS-Joona-ja-Otso-300x200.jpg 300w, https:\/\/rauhankasvatus.fi\/wp-content\/uploads\/2021\/05\/EVS-Joona-ja-Otso-768x512.jpg 768w, https:\/\/rauhankasvatus.fi\/wp-content\/uploads\/2021\/05\/EVS-Joona-ja-Otso-1536x1024.jpg 1536w, https:\/\/rauhankasvatus.fi\/wp-content\/uploads\/2021\/05\/EVS-Joona-ja-Otso.jpg 1920w\" sizes=\"(max-width: 800px) 100vw, 800px\" \/>\t\t\t\t\t\t\t\t\t\t\t\t\t\t\t<\/div>\n\t\t\t\t<\/div>\n\t\t\t\t<div class=\"elementor-element elementor-element-4a537ca4 elementor-widget elementor-widget-text-editor\" data-id=\"4a537ca4\" data-element_type=\"widget\" data-widget_type=\"text-editor.default\">\n\t\t\t\t<div class=\"elementor-widget-container\">\n\t\t\t\t\t\t\t\t\t<p><span data-contrast=\"auto\">Joona ja Otso vaihtoivat toukokuussa 2018 Oulun tasaiset maisemat\u00a0<\/span><span data-contrast=\"auto\">Zagorjen<\/span><span data-contrast=\"auto\">\u00a0kuvankauniisiin, m\u00e4kisiin maisemiin aloittaessaan kuuden viikon EVS-vapaaehtoisty\u00f6projektin Sloveniassa, nuorisokeskus\u00a0<\/span><span data-contrast=\"auto\">Mladinski<\/span><span data-contrast=\"auto\">\u00a0center\u00a0<\/span><span data-contrast=\"auto\">Zagorjessa<\/span><span data-contrast=\"auto\">.<\/span><span data-ccp-props=\"{&quot;201341983&quot;:0,&quot;335559739&quot;:160,&quot;335559740&quot;:240}\">\u00a0<\/span><\/p><p><span data-contrast=\"auto\">Nuorisokeskus\u00a0<\/span><span data-contrast=\"auto\">Mladinski<\/span><span data-contrast=\"auto\">\u00a0tarjoaa paikallisille nuorille tukea vapaa-ajan luoviin harrastuksiin. Joonan ja Otson ryhm\u00e4 j\u00e4rjesti kolmet festivaalit, joiden tarkoituksena oli lis\u00e4t\u00e4 paikallisten ja nuorisokeskuksen yhteisty\u00f6t\u00e4 sek\u00e4 yhteis\u00f6llisyytt\u00e4 yhdess\u00e4 kansainv\u00e4lisen EVS-vapaaehtoisty\u00f6ryhm\u00e4n kanssa.<\/span><span data-ccp-props=\"{&quot;201341983&quot;:0,&quot;335559739&quot;:160,&quot;335559740&quot;:240}\">\u00a0<\/span><\/p><p><span data-contrast=\"auto\">Vapaaehtoisty\u00f6 oli kummallekin positiivinen kokemus. Joona ajattelee, ett\u00e4 erilaisia ihmisi\u00e4 kohdatessa voi oppia avarampaa maailmankatsomusta. Otsolle rauha on sit\u00e4, ett\u00e4 voi ilmaista itse\u00e4\u00e4n ja olla pelk\u00e4\u00e4m\u00e4tt\u00e4 tulevaisuuden puolesta.<\/span><span data-ccp-props=\"{&quot;201341983&quot;:0,&quot;335559739&quot;:160,&quot;335559740&quot;:240}\">\u00a0<\/span><\/p>\t\t\t\t\t\t\t\t<\/div>\n\t\t\t\t<\/div>\n\t\t\t\t<div class=\"elementor-element elementor-element-29c6f7a elementor-widget elementor-widget-heading\" data-id=\"29c6f7a\" data-element_type=\"widget\" data-widget_type=\"heading.default\">\n\t\t\t\t<div class=\"elementor-widget-container\">\n\t\t\t\t\t<h2 class=\"elementor-heading-title elementor-size-default\">RKI sai oman EVS-vapaaehtoisen Belgiasta <\/h2>\t\t\t\t<\/div>\n\t\t\t\t<\/div>\n\t\t\t\t<div class=\"elementor-element elementor-element-51359fd elementor-widget elementor-widget-image\" data-id=\"51359fd\" data-element_type=\"widget\" data-widget_type=\"image.default\">\n\t\t\t\t<div class=\"elementor-widget-container\">\n\t\t\t\t\t\t\t\t\t\t\t\t\t\t\t<img decoding=\"async\" width=\"800\" height=\"534\" src=\"https:\/\/rauhankasvatus.fi\/wp-content\/uploads\/2021\/05\/Charlotte-1024x683.jpg\" class=\"attachment-large size-large wp-image-2824\" alt=\"Charlotte Dumoulin\" srcset=\"https:\/\/rauhankasvatus.fi\/wp-content\/uploads\/2021\/05\/Charlotte-1024x683.jpg 1024w, https:\/\/rauhankasvatus.fi\/wp-content\/uploads\/2021\/05\/Charlotte-300x200.jpg 300w, https:\/\/rauhankasvatus.fi\/wp-content\/uploads\/2021\/05\/Charlotte-768x512.jpg 768w, https:\/\/rauhankasvatus.fi\/wp-content\/uploads\/2021\/05\/Charlotte-1536x1024.jpg 1536w, https:\/\/rauhankasvatus.fi\/wp-content\/uploads\/2021\/05\/Charlotte.jpg 1920w\" sizes=\"(max-width: 800px) 100vw, 800px\" \/>\t\t\t\t\t\t\t\t\t\t\t\t\t\t\t<\/div>\n\t\t\t\t<\/div>\n\t\t\t\t<div class=\"elementor-element elementor-element-c9d1589 elementor-widget elementor-widget-text-editor\" data-id=\"c9d1589\" data-element_type=\"widget\" data-widget_type=\"text-editor.default\">\n\t\t\t\t<div class=\"elementor-widget-container\">\n\t\t\t\t\t\t\t\t\t<p><span data-contrast=\"auto\">My\u00f6s RKI sai oman<\/span><span data-contrast=\"auto\">\u00a0EVS-ohjelman\u00a0<\/span><span data-contrast=\"auto\">vapaaehtoisen<\/span><span data-contrast=\"auto\">, Belgialaisen<\/span><span data-contrast=\"auto\">\u00a0Charlotte\u00a0<\/span><span data-contrast=\"auto\">Dumoulini<\/span><span data-contrast=\"auto\">n<\/span><span data-contrast=\"auto\">. Charlotte ty\u00f6skenteli vuoden osana nuorisoty\u00f6n tiimi\u00e4mme. H\u00e4n valitsi Suomen kohdemaaksi siksi, ett\u00e4 suomalainen koulutus ja sen metodit ovat Belgiassakin tunnettuja ja arvostettuja.\u202f\u202f<\/span><span data-ccp-props=\"{&quot;201341983&quot;:0,&quot;335559739&quot;:160,&quot;335559740&quot;:240}\">\u00a0<\/span><\/p><p><span data-contrast=\"auto\">Charlotte<\/span><span data-contrast=\"auto\">\u00a0opiskeli\u00a0<\/span><span data-contrast=\"auto\">kansainv\u00e4list\u00e4 yhteisty\u00f6t\u00e4 ja kehityst\u00e4 Liegen yliopistossa.\u00a0<\/span><span data-contrast=\"auto\">Kansainv\u00e4listen h<\/span><span data-contrast=\"auto\">arjoittelu<\/span><span data-contrast=\"auto\">&#8211;\u00a0<\/span><span data-contrast=\"auto\">ja vapaaehtoist<\/span><span data-contrast=\"auto\">y\u00f6kokemusten pohjalta\u00a0<\/span><span data-contrast=\"auto\">Charlotte\u00a0<\/span><span data-contrast=\"auto\">kiinnostui urasta globaalikasvatuksen parissa, sill\u00e4\u00a0<\/span><span data-contrast=\"auto\">Euroopassa on viel\u00e4 paljon teht\u00e4v\u00e4\u00e4 ja kehitett\u00e4v\u00e4\u00e4<\/span><span data-contrast=\"auto\">. H\u00e4n<\/span><span data-contrast=\"auto\">\u00a0koki\u00a0<\/span><span data-contrast=\"auto\">kehitt\u00e4neens\u00e4<\/span><span data-contrast=\"auto\">\u00a0<\/span><span data-contrast=\"auto\">RKI:ll\u00e4<\/span><span data-contrast=\"auto\">\u00a0ty\u00f6skentelyn aikana ammatillisia taitoja<\/span><span data-contrast=\"auto\">an ja\u00a0<\/span><span data-contrast=\"auto\">saaneensa luottamusta ja uskoa omiin kykyihins\u00e4.\u00a0<\/span><span data-contrast=\"auto\">Charlotte my\u00f6s<\/span><span data-contrast=\"auto\">\u00a0oppi arvostamaan suomalai<\/span><span data-contrast=\"auto\">sen kulttuurin piirteit\u00e4, kuten<\/span><span data-contrast=\"auto\">\u00a0ihmisten v\u00e4lisen kanssak\u00e4ymisen v\u00e4h\u00e4sanaisuutta, luonnon l\u00e4heisyytt\u00e4 ja poliitikkojen tavallisuutta.\u202f<\/span><span data-ccp-props=\"{&quot;201341983&quot;:0,&quot;335559739&quot;:160,&quot;335559740&quot;:240}\">\u00a0<\/span><\/p><p><span data-ccp-props=\"{&quot;201341983&quot;:0,&quot;335559739&quot;:160,&quot;335559740&quot;:240}\">\u00a0<\/span><\/p>\t\t\t\t\t\t\t\t<\/div>\n\t\t\t\t<\/div>\n\t\t\t\t\t<\/div>\n\t\t<\/div>\n\t\t\t\t<div class=\"elementor-column elementor-col-16 elementor-top-column elementor-element elementor-element-30659ea4\" data-id=\"30659ea4\" data-element_type=\"column\">\n\t\t\t<div class=\"elementor-widget-wrap\">\n\t\t\t\t\t\t\t<\/div>\n\t\t<\/div>\n\t\t\t\t\t<\/div>\n\t\t<\/section>\n\t\t\t\t<section class=\"elementor-section elementor-top-section elementor-element elementor-element-4091beb7 elementor-section-boxed elementor-section-height-default elementor-section-height-default\" data-id=\"4091beb7\" data-element_type=\"section\">\n\t\t\t\t\t\t<div class=\"elementor-container elementor-column-gap-default\">\n\t\t\t\t\t<div class=\"elementor-column elementor-col-100 elementor-top-column elementor-element elementor-element-559d1ee8\" data-id=\"559d1ee8\" data-element_type=\"column\">\n\t\t\t<div class=\"elementor-widget-wrap elementor-element-populated\">\n\t\t\t\t\t\t<div class=\"elementor-element elementor-element-6d61882b elementor-widget elementor-widget-spacer\" data-id=\"6d61882b\" data-element_type=\"widget\" data-widget_type=\"spacer.default\">\n\t\t\t\t<div class=\"elementor-widget-container\">\n\t\t\t\t\t\t\t<div class=\"elementor-spacer\">\n\t\t\t<div class=\"elementor-spacer-inner\"><\/div>\n\t\t<\/div>\n\t\t\t\t\t\t<\/div>\n\t\t\t\t<\/div>\n\t\t\t\t\t<\/div>\n\t\t<\/div>\n\t\t\t\t\t<\/div>\n\t\t<\/section>\n\t\t\t\t<\/div>\n\t\t","protected":false},"excerpt":{"rendered":"<p>European voluntary service \u2013 ty\u00f6kokemusta ja perspektiivi\u00e4 eri puolilta Eurooppaa Vuosien 2017 ja 2018 aikana RKI l\u00e4hetti maailmalle useita innostuneita,&nbsp;vapaaehtoisia nuoria kokemaan ja oppimaan uutta EVS-ohjelman kautta. Ohjelmalla tuetaan nuorten kansainv\u00e4listymismahdollisuuksia, ty\u00f6el\u00e4m\u00e4\u00e4n ja koulutukseen p\u00e4\u00e4sy\u00e4 ja yhdenvertaista osallistumista. Toimimme yhteisty\u00f6ss\u00e4 erityisesti sellaisten j\u00e4rjest\u00f6jen kanssa, joiden toiminnassa on&nbsp;syrj\u00e4ytymisvaarassa&nbsp;olevia nuoria.&nbsp; EVS on lyhenne sanoista European&nbsp;Voluntary&nbsp;Service, eurooppalainen vapaaehtoisty\u00f6. [&hellip;]<\/p>\n","protected":false},"author":2,"featured_media":2813,"comment_status":"closed","ping_status":"closed","sticky":false,"template":"elementor_header_footer","format":"standard","meta":{"om_disable_all_campaigns":false,"_monsterinsights_skip_tracking":false,"_monsterinsights_sitenote_active":false,"_monsterinsights_sitenote_note":"","_monsterinsights_sitenote_category":0,"footnotes":"","_links_to":"","_links_to_target":""},"categories":[],"tags":[],"class_list":["post-2811","post","type-post","status-publish","format-standard","has-post-thumbnail","hentry"],"aioseo_notices":[],"_links":{"self":[{"href":"https:\/\/rauhankasvatus.fi\/en\/wp-json\/wp\/v2\/posts\/2811","targetHints":{"allow":["GET"]}}],"collection":[{"href":"https:\/\/rauhankasvatus.fi\/en\/wp-json\/wp\/v2\/posts"}],"about":[{"href":"https:\/\/rauhankasvatus.fi\/en\/wp-json\/wp\/v2\/types\/post"}],"author":[{"embeddable":true,"href":"https:\/\/rauhankasvatus.fi\/en\/wp-json\/wp\/v2\/users\/2"}],"replies":[{"embeddable":true,"href":"https:\/\/rauhankasvatus.fi\/en\/wp-json\/wp\/v2\/comments?post=2811"}],"version-history":[{"count":11,"href":"https:\/\/rauhankasvatus.fi\/en\/wp-json\/wp\/v2\/posts\/2811\/revisions"}],"predecessor-version":[{"id":2834,"href":"https:\/\/rauhankasvatus.fi\/en\/wp-json\/wp\/v2\/posts\/2811\/revisions\/2834"}],"wp:featuredmedia":[{"embeddable":true,"href":"https:\/\/rauhankasvatus.fi\/en\/wp-json\/wp\/v2\/media\/2813"}],"wp:attachment":[{"href":"https:\/\/rauhankasvatus.fi\/en\/wp-json\/wp\/v2\/media?parent=2811"}],"wp:term":[{"taxonomy":"category","embeddable":true,"href":"https:\/\/rauhankasvatus.fi\/en\/wp-json\/wp\/v2\/categories?post=2811"},{"taxonomy":"post_tag","embeddable":true,"href":"https:\/\/rauhankasvatus.fi\/en\/wp-json\/wp\/v2\/tags?post=2811"}],"curies":[{"name":"wp","href":"https:\/\/api.w.org\/{rel}","templated":true}]}}