{"id":27649,"date":"2023-08-11T09:22:59","date_gmt":"2023-08-11T09:22:59","guid":{"rendered":"https:\/\/rauhankasvatus.fi\/?p=27649"},"modified":"2026-01-19T11:10:27","modified_gmt":"2026-01-19T11:10:27","slug":"maksutonta-taydennyskoulutusta-kaikista-teemoistamme","status":"publish","type":"post","link":"https:\/\/rauhankasvatus.fi\/taydennyskoulutusta-kaikista-teemoistamme\/","title":{"rendered":"T\u00e4ydennys&shy;koulutusta kaikista teemois&shy;tamme"},"content":{"rendered":"\t\t<div data-elementor-type=\"wp-post\" data-elementor-id=\"27649\" class=\"elementor elementor-27649\" data-elementor-post-type=\"post\">\n\t\t\t\t\t\t<section class=\"elementor-section elementor-top-section elementor-element elementor-element-430bb6d elementor-section-boxed elementor-section-height-default elementor-section-height-default\" data-id=\"430bb6d\" data-element_type=\"section\" data-settings=\"{&quot;background_background&quot;:&quot;classic&quot;}\">\n\t\t\t\t\t\t<div class=\"elementor-container elementor-column-gap-default\">\n\t\t\t\t\t<div class=\"elementor-column elementor-col-100 elementor-top-column elementor-element elementor-element-3dfa9b0c\" data-id=\"3dfa9b0c\" data-element_type=\"column\">\n\t\t\t<div class=\"elementor-widget-wrap elementor-element-populated\">\n\t\t\t\t\t\t<div class=\"elementor-element elementor-element-7077395c elementor-absolute elementor-widget elementor-widget-heading\" data-id=\"7077395c\" data-element_type=\"widget\" data-settings=\"{&quot;_position&quot;:&quot;absolute&quot;}\" data-widget_type=\"heading.default\">\n\t\t\t\t<div class=\"elementor-widget-container\">\n\t\t\t\t\t<h1 class=\"elementor-heading-title elementor-size-default\">T\u00e4ydennys&shy;koulutusta kaikista teemois&shy;tamme<\/h1>\t\t\t\t<\/div>\n\t\t\t\t<\/div>\n\t\t\t\t\t<\/div>\n\t\t<\/div>\n\t\t\t\t\t<\/div>\n\t\t<\/section>\n\t\t\t\t<section class=\"elementor-section elementor-top-section elementor-element elementor-element-724949df elementor-section-boxed elementor-section-height-default elementor-section-height-default\" data-id=\"724949df\" data-element_type=\"section\">\n\t\t\t\t\t\t<div class=\"elementor-container elementor-column-gap-default\">\n\t\t\t\t\t<div class=\"elementor-column elementor-col-100 elementor-top-column elementor-element elementor-element-162f1fcc\" data-id=\"162f1fcc\" data-element_type=\"column\">\n\t\t\t<div class=\"elementor-widget-wrap elementor-element-populated\">\n\t\t\t\t\t\t<div class=\"elementor-element elementor-element-1ef37643 elementor-widget elementor-widget-heading\" data-id=\"1ef37643\" data-element_type=\"widget\" data-widget_type=\"heading.default\">\n\t\t\t\t<div class=\"elementor-widget-container\">\n\t\t\t\t\t<h2 class=\"elementor-heading-title elementor-size-default\">Pedagogisin prosessein kohti sosiaalisesti kest\u00e4v\u00e4\u00e4 toiminta&shy;kulttuuria<\/h2>\t\t\t\t<\/div>\n\t\t\t\t<\/div>\n\t\t\t\t<div class=\"elementor-element elementor-element-b041bed elementor-widget elementor-widget-spacer\" data-id=\"b041bed\" data-element_type=\"widget\" data-widget_type=\"spacer.default\">\n\t\t\t\t<div class=\"elementor-widget-container\">\n\t\t\t\t\t\t\t<div class=\"elementor-spacer\">\n\t\t\t<div class=\"elementor-spacer-inner\"><\/div>\n\t\t<\/div>\n\t\t\t\t\t\t<\/div>\n\t\t\t\t<\/div>\n\t\t\t\t\t<\/div>\n\t\t<\/div>\n\t\t\t\t\t<\/div>\n\t\t<\/section>\n\t\t\t\t<section class=\"elementor-section elementor-top-section elementor-element elementor-element-68953e5a elementor-section-boxed elementor-section-height-default elementor-section-height-default\" data-id=\"68953e5a\" data-element_type=\"section\">\n\t\t\t\t\t\t<div class=\"elementor-container elementor-column-gap-default\">\n\t\t\t\t\t<div class=\"elementor-column elementor-col-100 elementor-top-column elementor-element elementor-element-700b8f92\" data-id=\"700b8f92\" data-element_type=\"column\">\n\t\t\t<div class=\"elementor-widget-wrap elementor-element-populated\">\n\t\t\t\t\t\t<div class=\"elementor-element elementor-element-1188d2c5 elementor-widget elementor-widget-text-editor\" data-id=\"1188d2c5\" data-element_type=\"widget\" data-widget_type=\"text-editor.default\">\n\t\t\t\t<div class=\"elementor-widget-container\">\n\t\t\t\t\t\t\t\t\t<p>Rauhankasvatusinstituutti tarjoaa t\u00e4ydennyskoulutusta varhaiskasvatusyksik\u00f6iden, koulujen ja toisen asteen oppilaitosten henkil\u00f6st\u00f6lle.<\/p><p>Koulutamme tasa-arvon ja yhdenvertaisuuden, antirasismin, globaalin vastuun, rauhankasvatuksen ja medialukutaidon teemoista.<span data-contrast=\"auto\">\u00a0Koulutuksemme tarjoaa loistavan mahdollisuuden tutustua edell\u00e4 mainittuihin teemoihin sek\u00e4 ty\u00f6v\u00e4lineit\u00e4 niiden edist\u00e4miseen kasvatuksen ja koulutuksen kent\u00e4ll\u00e4. <\/span><span data-ccp-props=\"{&quot;201341983&quot;:0,&quot;335551550&quot;:6,&quot;335551620&quot;:6,&quot;335559739&quot;:160,&quot;335559740&quot;:259}\">\u00a0<\/span><span style=\"letter-spacing: 0.1px;\">\u00a0<\/span><\/p><p>R\u00e4\u00e4t\u00e4l\u00f6imme koulutuksen toteutustavan ja keston tilaajan toiveiden mukaisesti. Voitte tilata koulutuksen vain yhdest\u00e4 teemasta tai eri teemoja yhdistellen. Esimerkiksi koulutuksen antirasismin teemoista, jossa sivutaan my\u00f6s medialukutaidon kysymyksi\u00e4 oppimateriaaleissa tai turvallisempaa tilaa verkkoymp\u00e4rist\u00f6iss\u00e4.<\/p>\t\t\t\t\t\t\t\t<\/div>\n\t\t\t\t<\/div>\n\t\t\t\t\t<\/div>\n\t\t<\/div>\n\t\t\t\t\t<\/div>\n\t\t<\/section>\n\t\t\t\t<section class=\"elementor-section elementor-top-section elementor-element elementor-element-14f55bf elementor-section-boxed elementor-section-height-default elementor-section-height-default\" data-id=\"14f55bf\" data-element_type=\"section\">\n\t\t\t\t\t\t<div class=\"elementor-container elementor-column-gap-default\">\n\t\t\t\t\t<div class=\"elementor-column elementor-col-20 elementor-top-column elementor-element elementor-element-c683c7e\" data-id=\"c683c7e\" data-element_type=\"column\">\n\t\t\t<div class=\"elementor-widget-wrap elementor-element-populated\">\n\t\t\t\t\t\t<div class=\"elementor-element elementor-element-75b84f3 elementor-widget elementor-widget-image\" data-id=\"75b84f3\" data-element_type=\"widget\" data-widget_type=\"image.default\">\n\t\t\t\t<div class=\"elementor-widget-container\">\n\t\t\t\t\t\t\t\t\t\t\t\t\t\t\t<img fetchpriority=\"high\" decoding=\"async\" width=\"800\" height=\"800\" src=\"https:\/\/rauhankasvatus.fi\/wp-content\/uploads\/2023\/08\/RAUHA-tappi-1024x1024.png\" class=\"attachment-large size-large wp-image-27868\" alt=\"\" srcset=\"https:\/\/rauhankasvatus.fi\/wp-content\/uploads\/2023\/08\/RAUHA-tappi-1024x1024.png 1024w, https:\/\/rauhankasvatus.fi\/wp-content\/uploads\/2023\/08\/RAUHA-tappi-300x300.png 300w, https:\/\/rauhankasvatus.fi\/wp-content\/uploads\/2023\/08\/RAUHA-tappi-150x150.png 150w, https:\/\/rauhankasvatus.fi\/wp-content\/uploads\/2023\/08\/RAUHA-tappi-768x768.png 768w, https:\/\/rauhankasvatus.fi\/wp-content\/uploads\/2023\/08\/RAUHA-tappi-1536x1536.png 1536w, https:\/\/rauhankasvatus.fi\/wp-content\/uploads\/2023\/08\/RAUHA-tappi-2048x2048.png 2048w\" sizes=\"(max-width: 800px) 100vw, 800px\" \/>\t\t\t\t\t\t\t\t\t\t\t\t\t\t\t<\/div>\n\t\t\t\t<\/div>\n\t\t\t\t\t<\/div>\n\t\t<\/div>\n\t\t\t\t<div class=\"elementor-column elementor-col-20 elementor-top-column elementor-element elementor-element-622bb5c\" data-id=\"622bb5c\" data-element_type=\"column\">\n\t\t\t<div class=\"elementor-widget-wrap elementor-element-populated\">\n\t\t\t\t\t\t<div class=\"elementor-element elementor-element-3c12b57 elementor-widget elementor-widget-image\" data-id=\"3c12b57\" data-element_type=\"widget\" data-widget_type=\"image.default\">\n\t\t\t\t<div class=\"elementor-widget-container\">\n\t\t\t\t\t\t\t\t\t\t\t\t\t\t\t<img decoding=\"async\" width=\"800\" height=\"800\" src=\"https:\/\/rauhankasvatus.fi\/wp-content\/uploads\/2023\/08\/Tasa-arvo-ja-yhdenvertaisuus-tappi-1024x1024.png\" class=\"attachment-large size-large wp-image-27874\" alt=\"\" srcset=\"https:\/\/rauhankasvatus.fi\/wp-content\/uploads\/2023\/08\/Tasa-arvo-ja-yhdenvertaisuus-tappi-1024x1024.png 1024w, https:\/\/rauhankasvatus.fi\/wp-content\/uploads\/2023\/08\/Tasa-arvo-ja-yhdenvertaisuus-tappi-300x300.png 300w, https:\/\/rauhankasvatus.fi\/wp-content\/uploads\/2023\/08\/Tasa-arvo-ja-yhdenvertaisuus-tappi-150x150.png 150w, https:\/\/rauhankasvatus.fi\/wp-content\/uploads\/2023\/08\/Tasa-arvo-ja-yhdenvertaisuus-tappi-768x768.png 768w, https:\/\/rauhankasvatus.fi\/wp-content\/uploads\/2023\/08\/Tasa-arvo-ja-yhdenvertaisuus-tappi-1536x1536.png 1536w, https:\/\/rauhankasvatus.fi\/wp-content\/uploads\/2023\/08\/Tasa-arvo-ja-yhdenvertaisuus-tappi-2048x2048.png 2048w\" sizes=\"(max-width: 800px) 100vw, 800px\" \/>\t\t\t\t\t\t\t\t\t\t\t\t\t\t\t<\/div>\n\t\t\t\t<\/div>\n\t\t\t\t\t<\/div>\n\t\t<\/div>\n\t\t\t\t<div class=\"elementor-column elementor-col-20 elementor-top-column elementor-element elementor-element-922eea5\" data-id=\"922eea5\" data-element_type=\"column\">\n\t\t\t<div class=\"elementor-widget-wrap elementor-element-populated\">\n\t\t\t\t\t\t<div class=\"elementor-element elementor-element-612b247 elementor-widget elementor-widget-image\" data-id=\"612b247\" data-element_type=\"widget\" data-widget_type=\"image.default\">\n\t\t\t\t<div class=\"elementor-widget-container\">\n\t\t\t\t\t\t\t\t\t\t\t\t\t\t\t<img decoding=\"async\" width=\"800\" height=\"800\" src=\"https:\/\/rauhankasvatus.fi\/wp-content\/uploads\/2023\/08\/Antirasismi-tappi-1024x1024.png\" class=\"attachment-large size-large wp-image-27872\" alt=\"\" srcset=\"https:\/\/rauhankasvatus.fi\/wp-content\/uploads\/2023\/08\/Antirasismi-tappi-1024x1024.png 1024w, https:\/\/rauhankasvatus.fi\/wp-content\/uploads\/2023\/08\/Antirasismi-tappi-300x300.png 300w, https:\/\/rauhankasvatus.fi\/wp-content\/uploads\/2023\/08\/Antirasismi-tappi-150x150.png 150w, https:\/\/rauhankasvatus.fi\/wp-content\/uploads\/2023\/08\/Antirasismi-tappi-768x768.png 768w, https:\/\/rauhankasvatus.fi\/wp-content\/uploads\/2023\/08\/Antirasismi-tappi-1536x1536.png 1536w, https:\/\/rauhankasvatus.fi\/wp-content\/uploads\/2023\/08\/Antirasismi-tappi-2048x2048.png 2048w\" sizes=\"(max-width: 800px) 100vw, 800px\" \/>\t\t\t\t\t\t\t\t\t\t\t\t\t\t\t<\/div>\n\t\t\t\t<\/div>\n\t\t\t\t\t<\/div>\n\t\t<\/div>\n\t\t\t\t<div class=\"elementor-column elementor-col-20 elementor-top-column elementor-element elementor-element-f017008\" data-id=\"f017008\" data-element_type=\"column\">\n\t\t\t<div class=\"elementor-widget-wrap elementor-element-populated\">\n\t\t\t\t\t\t<div class=\"elementor-element elementor-element-71403c5 elementor-widget elementor-widget-image\" data-id=\"71403c5\" data-element_type=\"widget\" data-widget_type=\"image.default\">\n\t\t\t\t<div class=\"elementor-widget-container\">\n\t\t\t\t\t\t\t\t\t\t\t\t\t\t\t<img loading=\"lazy\" decoding=\"async\" width=\"800\" height=\"800\" src=\"https:\/\/rauhankasvatus.fi\/wp-content\/uploads\/2023\/08\/Globaaali-vastuu-tappi-1024x1024.png\" class=\"attachment-large size-large wp-image-27870\" alt=\"\" srcset=\"https:\/\/rauhankasvatus.fi\/wp-content\/uploads\/2023\/08\/Globaaali-vastuu-tappi-1024x1024.png 1024w, https:\/\/rauhankasvatus.fi\/wp-content\/uploads\/2023\/08\/Globaaali-vastuu-tappi-300x300.png 300w, https:\/\/rauhankasvatus.fi\/wp-content\/uploads\/2023\/08\/Globaaali-vastuu-tappi-150x150.png 150w, https:\/\/rauhankasvatus.fi\/wp-content\/uploads\/2023\/08\/Globaaali-vastuu-tappi-768x768.png 768w, https:\/\/rauhankasvatus.fi\/wp-content\/uploads\/2023\/08\/Globaaali-vastuu-tappi-1536x1536.png 1536w, https:\/\/rauhankasvatus.fi\/wp-content\/uploads\/2023\/08\/Globaaali-vastuu-tappi-2048x2048.png 2048w\" sizes=\"(max-width: 800px) 100vw, 800px\" \/>\t\t\t\t\t\t\t\t\t\t\t\t\t\t\t<\/div>\n\t\t\t\t<\/div>\n\t\t\t\t\t<\/div>\n\t\t<\/div>\n\t\t\t\t<div class=\"elementor-column elementor-col-20 elementor-top-column elementor-element elementor-element-716da72\" data-id=\"716da72\" data-element_type=\"column\">\n\t\t\t<div class=\"elementor-widget-wrap elementor-element-populated\">\n\t\t\t\t\t\t<div class=\"elementor-element elementor-element-19c6fc6 elementor-widget elementor-widget-image\" data-id=\"19c6fc6\" data-element_type=\"widget\" data-widget_type=\"image.default\">\n\t\t\t\t<div class=\"elementor-widget-container\">\n\t\t\t\t\t\t\t\t\t\t\t\t\t\t\t<img loading=\"lazy\" decoding=\"async\" width=\"800\" height=\"800\" src=\"https:\/\/rauhankasvatus.fi\/wp-content\/uploads\/2023\/08\/Medialukutaito-tappi-1024x1024.png\" class=\"attachment-large size-large wp-image-27876\" alt=\"\" srcset=\"https:\/\/rauhankasvatus.fi\/wp-content\/uploads\/2023\/08\/Medialukutaito-tappi-1024x1024.png 1024w, https:\/\/rauhankasvatus.fi\/wp-content\/uploads\/2023\/08\/Medialukutaito-tappi-300x300.png 300w, https:\/\/rauhankasvatus.fi\/wp-content\/uploads\/2023\/08\/Medialukutaito-tappi-150x150.png 150w, https:\/\/rauhankasvatus.fi\/wp-content\/uploads\/2023\/08\/Medialukutaito-tappi-768x768.png 768w, https:\/\/rauhankasvatus.fi\/wp-content\/uploads\/2023\/08\/Medialukutaito-tappi-1536x1536.png 1536w, https:\/\/rauhankasvatus.fi\/wp-content\/uploads\/2023\/08\/Medialukutaito-tappi-2048x2048.png 2048w\" sizes=\"(max-width: 800px) 100vw, 800px\" \/>\t\t\t\t\t\t\t\t\t\t\t\t\t\t\t<\/div>\n\t\t\t\t<\/div>\n\t\t\t\t\t<\/div>\n\t\t<\/div>\n\t\t\t\t\t<\/div>\n\t\t<\/section>\n\t\t\t\t<section class=\"elementor-section elementor-top-section elementor-element elementor-element-2c07de7 elementor-section-boxed elementor-section-height-default elementor-section-height-default\" data-id=\"2c07de7\" data-element_type=\"section\">\n\t\t\t\t\t\t<div class=\"elementor-container elementor-column-gap-default\">\n\t\t\t\t\t<div class=\"elementor-column elementor-col-100 elementor-top-column elementor-element elementor-element-b1050f8\" data-id=\"b1050f8\" data-element_type=\"column\">\n\t\t\t<div class=\"elementor-widget-wrap elementor-element-populated\">\n\t\t\t\t\t\t<div class=\"elementor-element elementor-element-0fac939 elementor-widget elementor-widget-text-editor\" data-id=\"0fac939\" data-element_type=\"widget\" data-widget_type=\"text-editor.default\">\n\t\t\t\t<div class=\"elementor-widget-container\">\n\t\t\t\t\t\t\t\t\t<h3><strong>Antirasismi<\/strong><\/h3>\n<p>Koulutuksen&nbsp;tavoitteena on vahvistaa opetus- ja kasvatusalan henkil\u00f6st\u00f6n valmiuksia tunnistaa ja puuttua rasismiin ja purkaa kasvatusyhteis\u00f6n pedagogisissa k\u00e4yt\u00e4nteiss\u00e4 ja toimintakulttuurissa olevaa rakenteellista rasismia sek\u00e4 tarjota k\u00e4yt\u00e4nn\u00f6nl\u00e4heisi\u00e4 ty\u00f6kaluja antirasistisen yhdenvertaisuusty\u00f6n toiminnallistamiseksi&nbsp;ja yhdenmukaistamiseksi osana varhaiskasvatus- ja esiopetusyksik\u00f6iden, peruskoulujen ja toisen asteen oppilaitosten arkea.<\/p>\n<h3><strong>Tasa-arvo ja yhdenvertaisuus&nbsp;<\/strong><\/h3>\n<p>Koulutus tarjoaa oppilaitoksille k\u00e4yt\u00e4nn\u00f6n ty\u00f6kaluja tasa-arvo- ja yhdenvertaisuussuunnitelmien laatimiseksi, p\u00e4ivitt\u00e4miseksi ja arvioimiseksi.<\/p>\n<h3><strong>Globaali vastuu<\/strong><\/h3>\n<p>Koulutuksen tavoitteena on kasvattaa sis\u00e4ll\u00f6llist\u00e4 osaamista ja saada ty\u00f6kaluja johtaa (opettajana, rehtorina) koko kouluyhteis\u00f6n osallistavia pedagogisia prosesseja, joiden sis\u00e4lt\u00f6j\u00e4 ovat Agenda 2030 ja kest\u00e4v\u00e4n kehityksen tavoitteet, sek\u00e4 globaali vastuu. Koulutuksissa hy\u00f6dynnet\u00e4\u00e4n Ulkoministeri\u00f6n ja Rauhankasvatusinstituutin tuottamaa Agenda 2030 Opettajan opasta.<\/p>\n<h3><strong>Rauhankasvatuksen teoreettiset ja menetelm\u00e4lliset perusteet<\/strong><\/h3>\n<p>Koulutuksessa k\u00e4sittelemme rauhankasvatuksen perusteorioiden, hyvien k\u00e4yt\u00e4nt\u00f6jen ja menetelmien kautta turvallisuuden ja osallisuuden edist\u00e4mist\u00e4 sek\u00e4 miten vahvistaa erityisesti sotaa paenneiden lasten ja nuorten turvallisuuden tunnetta ja tulevaisuuden uskoa. Rauhankasvatukselliset menetelm\u00e4t edellytt\u00e4v\u00e4t toimiakseen ammattitaitoa k\u00e4ytt\u00e4\u00e4 niit\u00e4 oikealla tavalla oikeissa tilanteissa. Tarkastelemme esimerkiksi millaiset, milloin ja miten ohjatut draama- ja taidekasvatuksen menetelm\u00e4t sopivat sodan kokeneiden kanssa hy\u00f6dynnett\u00e4viksi sek\u00e4 millaisilla menetelmill\u00e4 ja ty\u00f6otteella opettaja voi syvent\u00e4\u00e4 keskusteluja, turvallistaa tilaa ja ohjata keskustelua esim. sodan syist\u00e4, syyllisist\u00e4 tai tapahtumista erimielt\u00e4 olevien nuorten kanssa ja mahdollistaa heille turvallinen kouluymp\u00e4rist\u00f6 ja mahdollisuudet yhteistoimintaan.<\/p>\n<h3><strong>Medialukutaito<\/strong><\/h3>\n<p>Koulutus tarjoaa ty\u00f6v\u00e4lineit\u00e4 muun muassa sen k\u00e4sittelyyn, kuinka&nbsp; sosiaalisesta mediasta voi tehd\u00e4 turvallisempaa paikkaa kaikille ja miten kaikki voisivat saada positiivisia samastumisen kokemuksia opetuksessa k\u00e4ytett\u00e4vist\u00e4 materiaaleista ja&nbsp; mediasis\u00e4ll\u00f6ist\u00e4.<\/p>\t\t\t\t\t\t\t\t<\/div>\n\t\t\t\t<\/div>\n\t\t\t\t<div class=\"elementor-element elementor-element-715c5b9 elementor-widget elementor-widget-heading\" data-id=\"715c5b9\" data-element_type=\"widget\" data-widget_type=\"heading.default\">\n\t\t\t\t<div class=\"elementor-widget-container\">\n\t\t\t\t\t<h3 class=\"elementor-heading-title elementor-size-default\">Lis\u00e4tiedot<\/h3>\t\t\t\t<\/div>\n\t\t\t\t<\/div>\n\t\t\t\t<div class=\"elementor-element elementor-element-0f200ef elementor-widget elementor-widget-text-editor\" data-id=\"0f200ef\" data-element_type=\"widget\" data-widget_type=\"text-editor.default\">\n\t\t\t\t<div class=\"elementor-widget-container\">\n\t\t\t\t\t\t\t\t\t<p>Lis\u00e4tietoja koulutuksista voi kysy\u00e4 Rauhankasvatusinstituutin oppilaitosyhteisty\u00f6n johtavalta asiantuntijalta Mari-Anne Okkolinilta:<\/p><p>mari-anne.okkolin[at]rauhankasvatus.fi<\/p><p>Kerrothan jo ensimm\u00e4isess\u00e4 viestiss\u00e4 millaista tukea tai koulutusta toivoisit meilt\u00e4 saavasi (koulutuksen ajankohta, kohderyhm\u00e4, arvio osallistujam\u00e4\u00e4r\u00e4st\u00e4 tms.).<\/p>\t\t\t\t\t\t\t\t<\/div>\n\t\t\t\t<\/div>\n\t\t\t\t<div class=\"elementor-element elementor-element-4c8ff66 elementor-widget elementor-widget-spacer\" data-id=\"4c8ff66\" data-element_type=\"widget\" data-widget_type=\"spacer.default\">\n\t\t\t\t<div class=\"elementor-widget-container\">\n\t\t\t\t\t\t\t<div class=\"elementor-spacer\">\n\t\t\t<div class=\"elementor-spacer-inner\"><\/div>\n\t\t<\/div>\n\t\t\t\t\t\t<\/div>\n\t\t\t\t<\/div>\n\t\t\t\t<div class=\"elementor-element elementor-element-79d2c27 elementor-widget elementor-widget-spacer\" data-id=\"79d2c27\" data-element_type=\"widget\" data-widget_type=\"spacer.default\">\n\t\t\t\t<div class=\"elementor-widget-container\">\n\t\t\t\t\t\t\t<div class=\"elementor-spacer\">\n\t\t\t<div class=\"elementor-spacer-inner\"><\/div>\n\t\t<\/div>\n\t\t\t\t\t\t<\/div>\n\t\t\t\t<\/div>\n\t\t\t\t\t<\/div>\n\t\t<\/div>\n\t\t\t\t\t<\/div>\n\t\t<\/section>\n\t\t\t\t<section class=\"elementor-section elementor-top-section elementor-element elementor-element-5e405ba9 elementor-hidden-desktop elementor-hidden-tablet elementor-hidden-mobile elementor-section-boxed elementor-section-height-default elementor-section-height-default\" data-id=\"5e405ba9\" data-element_type=\"section\">\n\t\t\t\t\t\t<div class=\"elementor-container elementor-column-gap-default\">\n\t\t\t\t\t<div class=\"elementor-column elementor-col-33 elementor-top-column elementor-element elementor-element-3c7a8830\" data-id=\"3c7a8830\" data-element_type=\"column\">\n\t\t\t<div class=\"elementor-widget-wrap\">\n\t\t\t\t\t\t\t<\/div>\n\t\t<\/div>\n\t\t\t\t<div class=\"elementor-column elementor-col-33 elementor-top-column elementor-element elementor-element-6fd88230\" data-id=\"6fd88230\" data-element_type=\"column\">\n\t\t\t<div class=\"elementor-widget-wrap elementor-element-populated\">\n\t\t\t\t\t\t<div class=\"elementor-element elementor-element-7574f025 elementor-widget elementor-widget-image\" data-id=\"7574f025\" data-element_type=\"widget\" data-widget_type=\"image.default\">\n\t\t\t\t<div class=\"elementor-widget-container\">\n\t\t\t\t\t\t\t\t\t\t\t\t<figure class=\"wp-caption\">\n\t\t\t\t\t\t\t\t\t\t<img loading=\"lazy\" decoding=\"async\" width=\"200\" height=\"193\" src=\"https:\/\/rauhankasvatus.fi\/wp-content\/uploads\/2021\/04\/OPH_rahoittaa_rgb.png\" class=\"attachment-medium size-medium wp-image-759\" alt=\"Opetushallitus rahoittaa hanketta.\" \/>\t\t\t\t\t\t\t\t\t\t\t<figcaption class=\"widget-image-caption wp-caption-text\">rahoittaa t\u00e4t\u00e4 hanketta.<\/figcaption>\n\t\t\t\t\t\t\t\t\t\t<\/figure>\n\t\t\t\t\t\t\t\t\t<\/div>\n\t\t\t\t<\/div>\n\t\t\t\t<div class=\"elementor-element elementor-element-6815c28c elementor-widget elementor-widget-spacer\" data-id=\"6815c28c\" data-element_type=\"widget\" data-widget_type=\"spacer.default\">\n\t\t\t\t<div class=\"elementor-widget-container\">\n\t\t\t\t\t\t\t<div class=\"elementor-spacer\">\n\t\t\t<div class=\"elementor-spacer-inner\"><\/div>\n\t\t<\/div>\n\t\t\t\t\t\t<\/div>\n\t\t\t\t<\/div>\n\t\t\t\t\t<\/div>\n\t\t<\/div>\n\t\t\t\t<div class=\"elementor-column elementor-col-33 elementor-top-column elementor-element elementor-element-33ed76ed\" data-id=\"33ed76ed\" data-element_type=\"column\">\n\t\t\t<div class=\"elementor-widget-wrap\">\n\t\t\t\t\t\t\t<\/div>\n\t\t<\/div>\n\t\t\t\t\t<\/div>\n\t\t<\/section>\n\t\t\t\t<\/div>\n\t\t","protected":false},"excerpt":{"rendered":"<p>Tarjoamme maksutonta t\u00e4ydennys&shy;koulutusta lukuvuonna 2024\u20132025 varhaiskasvatus&shy;yksik\u00f6iden, koulujen ja toisen asteen oppilaitosten henkil\u00f6st\u00f6lle.<\/p>\n<p>Koulutamme tasa-arvon ja yhdenvertaisuuden, antirasismin, globaalin vastuun ja rauhan&shy;kasvatuksen teemoista. Koulutuksemme tarjoaa loistavan mahdollisuuden tutustua edell\u00e4 mainittuihin teemoihin sek\u00e4 ty\u00f6v\u00e4lineit\u00e4 niiden edist\u00e4miseen kasvatuksen ja koulutuksen kent\u00e4ll\u00e4.<\/p>\n","protected":false},"author":2,"featured_media":27650,"comment_status":"closed","ping_status":"open","sticky":false,"template":"","format":"standard","meta":{"om_disable_all_campaigns":false,"_monsterinsights_skip_tracking":false,"_monsterinsights_sitenote_active":false,"_monsterinsights_sitenote_note":"","_monsterinsights_sitenote_category":0,"footnotes":"","_links_to":"","_links_to_target":""},"categories":[1],"tags":[],"class_list":["post-27649","post","type-post","status-publish","format-standard","has-post-thumbnail","hentry","category-uncategorized-fi"],"aioseo_notices":[],"_links":{"self":[{"href":"https:\/\/rauhankasvatus.fi\/en\/wp-json\/wp\/v2\/posts\/27649","targetHints":{"allow":["GET"]}}],"collection":[{"href":"https:\/\/rauhankasvatus.fi\/en\/wp-json\/wp\/v2\/posts"}],"about":[{"href":"https:\/\/rauhankasvatus.fi\/en\/wp-json\/wp\/v2\/types\/post"}],"author":[{"embeddable":true,"href":"https:\/\/rauhankasvatus.fi\/en\/wp-json\/wp\/v2\/users\/2"}],"replies":[{"embeddable":true,"href":"https:\/\/rauhankasvatus.fi\/en\/wp-json\/wp\/v2\/comments?post=27649"}],"version-history":[{"count":70,"href":"https:\/\/rauhankasvatus.fi\/en\/wp-json\/wp\/v2\/posts\/27649\/revisions"}],"predecessor-version":[{"id":37308,"href":"https:\/\/rauhankasvatus.fi\/en\/wp-json\/wp\/v2\/posts\/27649\/revisions\/37308"}],"wp:featuredmedia":[{"embeddable":true,"href":"https:\/\/rauhankasvatus.fi\/en\/wp-json\/wp\/v2\/media\/27650"}],"wp:attachment":[{"href":"https:\/\/rauhankasvatus.fi\/en\/wp-json\/wp\/v2\/media?parent=27649"}],"wp:term":[{"taxonomy":"category","embeddable":true,"href":"https:\/\/rauhankasvatus.fi\/en\/wp-json\/wp\/v2\/categories?post=27649"},{"taxonomy":"post_tag","embeddable":true,"href":"https:\/\/rauhankasvatus.fi\/en\/wp-json\/wp\/v2\/tags?post=27649"}],"curies":[{"name":"wp","href":"https:\/\/api.w.org\/{rel}","templated":true}]}}