{"id":2477,"date":"2018-11-22T14:26:00","date_gmt":"2018-11-22T14:26:00","guid":{"rendered":"https:\/\/rauhankasvatus.fi\/?page_id=2477"},"modified":"2021-11-08T15:40:30","modified_gmt":"2021-11-08T15:40:30","slug":"blogi-turvallisuuden-luominen-erilaisille-toimintakyvyille-on-inklusiivisuusteko","status":"publish","type":"post","link":"https:\/\/rauhankasvatus.fi\/en\/blogi-turvallisuuden-luominen-erilaisille-toimintakyvyille-on-inklusiivisuusteko\/","title":{"rendered":"Turvallisuuden luominen erilaisille toimintakyvyille on inklusiivisuusteko"},"content":{"rendered":"\t\t<div data-elementor-type=\"wp-page\" data-elementor-id=\"2477\" class=\"elementor elementor-2477\" data-elementor-post-type=\"post\">\n\t\t\t\t\t\t<section class=\"elementor-section elementor-top-section elementor-element elementor-element-372a686b elementor-section-boxed elementor-section-height-default elementor-section-height-default\" data-id=\"372a686b\" data-element_type=\"section\" data-settings=\"{&quot;background_background&quot;:&quot;classic&quot;}\">\n\t\t\t\t\t\t<div class=\"elementor-container elementor-column-gap-default\">\n\t\t\t\t\t<div class=\"elementor-column elementor-col-100 elementor-top-column elementor-element elementor-element-6cfbcd89\" data-id=\"6cfbcd89\" data-element_type=\"column\">\n\t\t\t<div class=\"elementor-widget-wrap elementor-element-populated\">\n\t\t\t\t\t\t<div class=\"elementor-element elementor-element-6c7dd44b elementor-widget elementor-widget-heading\" data-id=\"6c7dd44b\" data-element_type=\"widget\" data-widget_type=\"heading.default\">\n\t\t\t\t<div class=\"elementor-widget-container\">\n\t\t\t\t\t<h1 class=\"elementor-heading-title elementor-size-default\">Turvallisuuden luominen erilaisille toimintakyvyille on inklusiivisuusteko <\/h1>\t\t\t\t<\/div>\n\t\t\t\t<\/div>\n\t\t\t\t\t<\/div>\n\t\t<\/div>\n\t\t\t\t\t<\/div>\n\t\t<\/section>\n\t\t\t\t<section class=\"elementor-section elementor-top-section elementor-element elementor-element-45bc41f8 elementor-section-boxed elementor-section-height-default elementor-section-height-default\" data-id=\"45bc41f8\" data-element_type=\"section\">\n\t\t\t\t\t\t<div class=\"elementor-container elementor-column-gap-default\">\n\t\t\t\t\t<div class=\"elementor-column elementor-col-100 elementor-top-column elementor-element elementor-element-4cb81e93\" data-id=\"4cb81e93\" data-element_type=\"column\">\n\t\t\t<div class=\"elementor-widget-wrap elementor-element-populated\">\n\t\t\t\t\t\t<div class=\"elementor-element elementor-element-1a575431 elementor-hidden-tablet elementor-widget elementor-widget-spacer\" data-id=\"1a575431\" data-element_type=\"widget\" data-widget_type=\"spacer.default\">\n\t\t\t\t<div class=\"elementor-widget-container\">\n\t\t\t\t\t\t\t<div class=\"elementor-spacer\">\n\t\t\t<div class=\"elementor-spacer-inner\"><\/div>\n\t\t<\/div>\n\t\t\t\t\t\t<\/div>\n\t\t\t\t<\/div>\n\t\t\t\t<div class=\"elementor-element elementor-element-135b0484 elementor-widget elementor-widget-text-editor\" data-id=\"135b0484\" data-element_type=\"widget\" data-widget_type=\"text-editor.default\">\n\t\t\t\t<div class=\"elementor-widget-container\">\n\t\t\t\t\t\t\t\t\t<p style=\"text-align: center;\">Teksti: Julianna Brandt<\/p>\t\t\t\t\t\t\t\t<\/div>\n\t\t\t\t<\/div>\n\t\t\t\t\t<\/div>\n\t\t<\/div>\n\t\t\t\t\t<\/div>\n\t\t<\/section>\n\t\t\t\t<section class=\"elementor-section elementor-top-section elementor-element elementor-element-39581fb7 elementor-section-boxed elementor-section-height-default elementor-section-height-default\" data-id=\"39581fb7\" data-element_type=\"section\">\n\t\t\t\t\t\t<div class=\"elementor-container elementor-column-gap-default\">\n\t\t\t\t\t<div class=\"elementor-column elementor-col-16 elementor-top-column elementor-element elementor-element-7ef6f2e\" data-id=\"7ef6f2e\" data-element_type=\"column\">\n\t\t\t<div class=\"elementor-widget-wrap\">\n\t\t\t\t\t\t\t<\/div>\n\t\t<\/div>\n\t\t\t\t<div class=\"elementor-column elementor-col-66 elementor-top-column elementor-element elementor-element-6003dbef\" data-id=\"6003dbef\" data-element_type=\"column\">\n\t\t\t<div class=\"elementor-widget-wrap elementor-element-populated\">\n\t\t\t\t\t\t<div class=\"elementor-element elementor-element-681194dc elementor-widget elementor-widget-text-editor\" data-id=\"681194dc\" data-element_type=\"widget\" data-widget_type=\"text-editor.default\">\n\t\t\t\t<div class=\"elementor-widget-container\">\n\t\t\t\t\t\t\t\t\t<p><span class=\"TextRun SCXW27130311 BCX9\" lang=\"FI-FI\" xml:lang=\"FI-FI\" data-contrast=\"auto\"><span class=\"NormalTextRun SCXW27130311 BCX9\">T\u00e4ss\u00e4 puheenvuorossa kerron sosiaalisesta inkluusiosta turvallisuuden luojana. Esittelen itse hyv\u00e4ksi havaitsemiani toimintatapoja, joilla turvallista ilmapiiri\u00e4 mahdollistetaan ja kerron omista kokemuksistani.<\/span><\/span><span class=\"EOP SCXW27130311 BCX9\" data-ccp-props=\"{&quot;201341983&quot;:0,&quot;335559739&quot;:160,&quot;335559740&quot;:240}\">\u00a0<\/span><\/p>\t\t\t\t\t\t\t\t<\/div>\n\t\t\t\t<\/div>\n\t\t\t\t<div class=\"elementor-element elementor-element-47882fd elementor-widget elementor-widget-heading\" data-id=\"47882fd\" data-element_type=\"widget\" data-widget_type=\"heading.default\">\n\t\t\t\t<div class=\"elementor-widget-container\">\n\t\t\t\t\t<h2 class=\"elementor-heading-title elementor-size-default\">Oma \u00e4\u00e4ni kuuluviin <\/h2>\t\t\t\t<\/div>\n\t\t\t\t<\/div>\n\t\t\t\t<div class=\"elementor-element elementor-element-1874aed5 elementor-widget elementor-widget-text-editor\" data-id=\"1874aed5\" data-element_type=\"widget\" data-widget_type=\"text-editor.default\">\n\t\t\t\t<div class=\"elementor-widget-container\">\n\t\t\t\t\t\t\t\t\t<p><span data-contrast=\"auto\">Turvallisuudentunne l\u00e4htee mielest\u00e4ni yksil\u00f6n henkisist\u00e4 perustarpeista, yhteenkuuluvuudentunteesta, siit\u00e4, ett\u00e4 voi olla oma itsens\u00e4 ilman pelkoa siit\u00e4, ett\u00e4 oma tapa olla ja toimia on jotakin tuomittavaa tai v\u00e4hempiarvoista.<\/span><span data-ccp-props=\"{&quot;201341983&quot;:0,&quot;335559739&quot;:160,&quot;335559740&quot;:240}\">\u00a0<\/span><\/p><p><span data-contrast=\"auto\">Olin kaksi kuukautta EVS-vapaaehtoisena Ljubljanassa, Slovenian p\u00e4\u00e4kaupungissa, ja ty\u00f6skentelin Ljubljana\u00a0Pride\u00a0-j\u00e4rjest\u00f6ss\u00e4. Olin erityisen onnellinen kuullessani, ett\u00e4 t\u00e4m\u00e4n vuoden\u00a0Pride-viikon teema on intersektionaalisuus. Intersektionaalisuus ja inklusiivisuus ovat mielest\u00e4ni k\u00e4sikk\u00e4in kulkeva parivaljakko, ja n\u00e4in pit\u00e4isikin kaikessa toiminnassa olla, erityisesti kansalaisj\u00e4rjest\u00f6iss\u00e4, jotka painottavat nimenomaan olevansa yhdenvertaisuuden ja erilaisten v\u00e4hemmist\u00f6- sek\u00e4 marginaaliryhmien asialla. Ty\u00f6teht\u00e4viini kuului ohjeiden ja suositusten laatiminen j\u00e4rjest\u00f6ille inklusiiviseen ja intersektionaaliseen toimintaan. Lis\u00e4ksi vedin\u00a0keskusteluryhm\u00e4\u00e4 sateenkaariv\u00e4est\u00f6\u00f6n kuuluville, jotka kuuluvat my\u00f6s johonkin muuhun v\u00e4hemmist\u00f6\u00f6n.<\/span><span data-ccp-props=\"{&quot;201341983&quot;:0,&quot;335559739&quot;:160,&quot;335559740&quot;:240}\">\u00a0<\/span><\/p><p><span data-contrast=\"auto\">Niin sosiaaliseen inkluusioon kuin turvallisuudentunteen luomiseenkin kuuluu mielest\u00e4ni olennaisena osana se, ett\u00e4 ihmiset saavat oman \u00e4\u00e4nens\u00e4 kuuluviin ja voivat toimia oman alueensa asiantuntijoina. Esimerkiksi itse CP-vamman omaavana ihmisen\u00e4 koen toisinaan, ett\u00e4 vammaisten asioista p\u00e4\u00e4tt\u00e4v\u00e4t vammattomat, jotka toimivat samalla keskusteluiden yll\u00e4pit\u00e4jin\u00e4. Tietynlainen\u202f<\/span><i><span data-contrast=\"auto\">allyna<\/span><\/i><span data-contrast=\"auto\">\u202feli tukijana v\u00e4hemmist\u00f6\u00f6n kuuluville oleminen on tarpeellista ja arvokasta. T\u00e4ytyy kuitenkin olla tarkka, ettei astu toisen varpaille, erityisesti, kun asiantuntijuus pohjautuu yksil\u00f6n omaan kokemustietoon ja teoreettiseen tietoon aiheesta.<\/span><span data-ccp-props=\"{&quot;201341983&quot;:0,&quot;335559739&quot;:160,&quot;335559740&quot;:240}\">\u00a0<\/span><\/p><p><span data-contrast=\"auto\">EVS-vapaaehtoisena sain kertoa tuplav\u00e4hemmist\u00f6roolistani enemm\u00e4n kuin olen koskaan saanut siit\u00e4 puhua kotimaassani. Olin pressitilaisuudessa sek\u00e4 yhten\u00e4 panelistina puhumassa kokemuksistani olla\u00a0panseksuuali\u00a0ja CP-vammainen. Enemm\u00e4n kuitenkin painotan n\u00e4iden kahden asian risteytymi\u00e4,\u00a0v\u00e4hemmist\u00f6l\u00e4isyytt\u00e4\u00a0v\u00e4hemmist\u00f6n sis\u00e4ll\u00e4, ja niiden eri positioita yhteiskunnassa. En tuntenut, ett\u00e4 olisin ollut vammaisuuden olkinukke tai kiinti\u00f6vammainen Ljubljana\u00a0Pridessa\u00a0toimiessani. En ollut siell\u00e4 kiillottamassa heid\u00e4n julkisuuskuvaansa j\u00e4rjest\u00f6n\u00e4, vaikka solahdinkin heid\u00e4n t\u00e4m\u00e4n vuotiseen teemaansa. En my\u00f6sk\u00e4\u00e4n tuntenut olevani vammani kanssa yksin. Yhteenkuuluvuudentunne turvallisuuden mahdollistajana oli vahva koko EVS-jaksoni ajan. Minulle annettiin tilaa saada \u00e4\u00e4neni kuuluviin ja minua kohdeltiin nimenomaan kollegana eik\u00e4 ensisijaisesti kokemuskouluttajan roolissa.<\/span><span data-ccp-props=\"{&quot;201341983&quot;:0,&quot;335559739&quot;:160,&quot;335559740&quot;:240}\">\u00a0<\/span><\/p>\t\t\t\t\t\t\t\t<\/div>\n\t\t\t\t<\/div>\n\t\t\t\t<div class=\"elementor-element elementor-element-8b929a0 elementor-widget elementor-widget-heading\" data-id=\"8b929a0\" data-element_type=\"widget\" data-widget_type=\"heading.default\">\n\t\t\t\t<div class=\"elementor-widget-container\">\n\t\t\t\t\t<h2 class=\"elementor-heading-title elementor-size-default\">Moninaisuus esiin ja olettamukset pois <\/h2>\t\t\t\t<\/div>\n\t\t\t\t<\/div>\n\t\t\t\t<div class=\"elementor-element elementor-element-24cd3864 elementor-widget elementor-widget-text-editor\" data-id=\"24cd3864\" data-element_type=\"widget\" data-widget_type=\"text-editor.default\">\n\t\t\t\t<div class=\"elementor-widget-container\">\n\t\t\t\t\t\t\t\t\t<p><span data-contrast=\"auto\">Usein tuntuu, ett\u00e4 v\u00e4hemmist\u00f6ryhm\u00e4t halutaan puhumaan vain v\u00e4hemmist\u00f6ryhmien asioista, ja siin\u00e4 roolissa heid\u00e4t on totuttu n\u00e4kem\u00e4\u00e4n. Koen kuitenkin, ett\u00e4 EVS-vapaaehtoisena minut nimenomaan tunnustettiin ammattimaisuuteni kautta, mill\u00e4 olikin iso rooli siin\u00e4, ett\u00e4 l\u00e4hdin puhumaan n\u00e4ist\u00e4 asioista julkisesti. Mielest\u00e4ni moninaisuus erilaisissa v\u00e4hemmist\u00f6iss\u00e4 ja marginalisoiduissa ryhmiss\u00e4 pit\u00e4isi saada n\u00e4kyv\u00e4mm\u00e4ksi. Moninaisuuden n\u00e4kyv\u00e4ksi tekeminen on iso oljenkorsi turvallisuuden rakentamiseen ja muodostumiseen. Moninaisuus viestitt\u00e4\u00e4\u00a0meille, ett\u00e4 kenenk\u00e4\u00e4n ei tarvitse olla vain yhdest\u00e4 muotista vaan kaikissa meiss\u00e4 voi olla useita tasoja yht\u00e4 aikaa, eik\u00e4 kaikkia identiteetin osia edes tarvitse ly\u00f6d\u00e4 lukkoon.<\/span><span data-ccp-props=\"{&quot;201341983&quot;:0,&quot;335559739&quot;:160,&quot;335559740&quot;:240}\">\u00a0<\/span><\/p><p><span data-contrast=\"auto\">Turvallisuudentunne koostuu my\u00f6s siit\u00e4, ett\u00e4 sosiaaliset yhteis\u00f6t ovat olettamuksista vapaita. Vammaisuuteen liittyen jotkut tekev\u00e4t olettamuksia esimerkiksi vammaisuuden asteesta. T\u00e4m\u00e4 saattaa johtaa siihen, ett\u00e4 vamman omaavalle henkil\u00f6lle annetaan liian helppoja teht\u00e4vi\u00e4 h\u00e4nen kykyihins\u00e4 n\u00e4hden. Vammaisten oletetaan alisuoriutuvan. Ljubljana\u00a0Pridessa\u00a0ty\u00f6skennelless\u00e4ni huomasin saavani kykyihini n\u00e4hden todella sopivia teht\u00e4vi\u00e4, jotka liittyiv\u00e4t alaan, jolla minulla on erikoisosaamista.<\/span><span data-ccp-props=\"{&quot;201341983&quot;:0,&quot;335559739&quot;:160,&quot;335559740&quot;:240}\">\u00a0<\/span><\/p><p><span data-contrast=\"auto\">Turvallista tilaa ja ilmapiiri\u00e4 luodaan my\u00f6s sill\u00e4, ett\u00e4 ratkaisuja mietit\u00e4\u00e4n yhdess\u00e4: Miten erilaiset toimintakyvyt voitaisiin ottaa huomioon ty\u00f6yhteis\u00f6ss\u00e4? Miten yhdenvertaisuus toteutuisi ilman alemmuudentunnetta tai riitaa? Hahmotush\u00e4iri\u00f6n kanssa el\u00e4j\u00e4lle t\u00e4m\u00e4 on tuttua. Helposti hahmotush\u00e4iri\u00f6\u00f6n ja moninaisiin toimintakykyihin kohdistuu oletuksia, joiden mukaan henkil\u00f6 on tyhm\u00e4, kun ei ymm\u00e4rr\u00e4 bussikarttoja tai karttoja ollenkaan. Olettamusten vuoksi voi p\u00e4\u00e4ty\u00e4 uskomaan, ett\u00e4 kaikki vammattomat ovat kaikkeen t\u00e4ysin kykenevi\u00e4 eiv\u00e4tk\u00e4 kohtaa arjen haasteita esimerkiksi hahmottamisen tai huonon suuntavaiston kanssa. Silloin on t\u00e4rkeint\u00e4 kuulla, ettei ole muita huonompi. Kyse on vain siit\u00e4, ett\u00e4 meill\u00e4 on monta eri tapaa ja tahtia toimia.<\/span><span data-ccp-props=\"{&quot;201341983&quot;:0,&quot;335559739&quot;:160,&quot;335559740&quot;:240}\">\u00a0<\/span><\/p>\t\t\t\t\t\t\t\t<\/div>\n\t\t\t\t<\/div>\n\t\t\t\t<div class=\"elementor-element elementor-element-de5d182 elementor-widget elementor-widget-heading\" data-id=\"de5d182\" data-element_type=\"widget\" data-widget_type=\"heading.default\">\n\t\t\t\t<div class=\"elementor-widget-container\">\n\t\t\t\t\t<h2 class=\"elementor-heading-title elementor-size-default\">Ratkaisut l\u00f6ytyv\u00e4t kysym\u00e4ll\u00e4 ja kertomalla <\/h2>\t\t\t\t<\/div>\n\t\t\t\t<\/div>\n\t\t\t\t<div class=\"elementor-element elementor-element-5d7d752e elementor-widget elementor-widget-text-editor\" data-id=\"5d7d752e\" data-element_type=\"widget\" data-widget_type=\"text-editor.default\">\n\t\t\t\t<div class=\"elementor-widget-container\">\n\t\t\t\t\t\t\t\t\t<p><span data-contrast=\"auto\">Ty\u00f6paikan toimintatavat eiv\u00e4t kaikkialla k\u00e4y yhteen ty\u00f6ntekij\u00f6iden persoonallisuuden tai toimintakyvyn kanssa. Niin hahmotush\u00e4iri\u00f6ni kuin herk\u00e4n ahdistuneisuuteni takia nopeatempoinen ty\u00f6tahti, avokonttorit ja ihmisten stressitasojen nousu aiheuttavat minussa uupumusta ja johtavat siihen, etten voi keskitty\u00e4 ty\u00f6h\u00f6ni, saati olla siin\u00e4 tehokas. Ljubljanassa avasin suuni t\u00e4llaisessa tilanteessa ja minua ymm\u00e4rrettiin. Teimme erilaisia toimenpiteit\u00e4, v\u00e4hensin esimerkiksi l\u00e4sn\u00e4oloani toimistolla ja tein t\u00f6it\u00e4 kotoa k\u00e4sin.<\/span><span data-ccp-props=\"{&quot;201341983&quot;:0,&quot;335559739&quot;:160,&quot;335559740&quot;:240}\">\u00a0<\/span><\/p><p><span data-contrast=\"auto\">Turvallisuus on kiinni todella paljon my\u00f6s juuri t\u00e4st\u00e4, ett\u00e4 ty\u00f6ntekij\u00e4lle on turvallista avata suunsa vaikeista asioista. Turvallisuudentunne on\u00a0mahdollista vain silloin, kun keskustelun toinenkin osapuoli on oikeasti l\u00e4sn\u00e4 tilanteessa ja kuuntelee kiireenkin keskell\u00e4.<\/span><span data-ccp-props=\"{&quot;201341983&quot;:0,&quot;335559739&quot;:160,&quot;335559740&quot;:240}\">\u00a0<\/span><\/p><p><span data-contrast=\"auto\">Sosiaalinen inkluusio ja turvallisuus syntyv\u00e4t siis siit\u00e4, ett\u00e4 erilaisia toimintatapoja ja tahteja tehd\u00e4 t\u00f6it\u00e4 ei arvoteta ty\u00f6yhteis\u00f6ss\u00e4. Ty\u00f6yhteis\u00f6iss\u00e4 ja toimintaymp\u00e4rist\u00f6iss\u00e4 on muistettava kunkin toimintakyky sek\u00e4 toimintamahdollisuudet ja kysytt\u00e4v\u00e4 \u201dOnko t\u00e4m\u00e4 sinulle mahdollista hoitaa n\u00e4in? Onko jotain erityist\u00e4, jota minun pit\u00e4isi kohdallasi huomioida?\u201d<\/span><span data-ccp-props=\"{&quot;201341983&quot;:0,&quot;335559739&quot;:160,&quot;335559740&quot;:240}\">\u00a0<\/span><\/p><p><span data-contrast=\"auto\">Avoin keskustelukulttuuri sek\u00e4 yksil\u00f6iden rajojen kunnioittaminen ovat turvallisen toimintaymp\u00e4rist\u00f6n ytimess\u00e4. On my\u00f6s ymm\u00e4rrett\u00e4v\u00e4, ett\u00e4 kaikkien ei tarvitse olla yht\u00e4 avoimia. Ty\u00f6n mielekkyyden kannalta ty\u00f6n tekemiseen liittyv\u00e4t asiat\u00a0on\u00a0t\u00e4rke\u00e4\u00e4 ottaa puheeksi ty\u00f6paikalla. Yksil\u00f6iden tarpeet tulee tunnustaa ja ty\u00f6paikalla tai muussa toimintaymp\u00e4rist\u00f6ss\u00e4 tulee tehd\u00e4 niiden vaatimat toimenpiteet.<\/span><span data-ccp-props=\"{&quot;201341983&quot;:0,&quot;335559739&quot;:160,&quot;335559740&quot;:240}\">\u00a0<\/span><\/p>\t\t\t\t\t\t\t\t<\/div>\n\t\t\t\t<\/div>\n\t\t\t\t<div class=\"elementor-element elementor-element-4b563a3 elementor-widget elementor-widget-heading\" data-id=\"4b563a3\" data-element_type=\"widget\" data-widget_type=\"heading.default\">\n\t\t\t\t<div class=\"elementor-widget-container\">\n\t\t\t\t\t<h2 class=\"elementor-heading-title elementor-size-default\">Asenteen ja kielen tarkastelua<\/h2>\t\t\t\t<\/div>\n\t\t\t\t<\/div>\n\t\t\t\t<div class=\"elementor-element elementor-element-1e4856b7 elementor-widget elementor-widget-text-editor\" data-id=\"1e4856b7\" data-element_type=\"widget\" data-widget_type=\"text-editor.default\">\n\t\t\t\t<div class=\"elementor-widget-container\">\n\t\t\t\t\t\t\t\t\t<p><span data-contrast=\"auto\">Turvallisuus syntyy siit\u00e4, ett\u00e4 yhteis\u00f6ss\u00e4 on aitoa osallisuutta sek\u00e4 yhteenkuuluvuutta sellaisessa m\u00e4\u00e4rin, ett\u00e4 erilaiset toimintakyvyt n\u00e4hd\u00e4\u00e4n yht\u00e4 arvokkaina ja toinen toistaan opettavina. Turvallisuuden luominen on kiinni asenteesta ja tarvittaessa asenteenmuutoksesta sek\u00e4 sensitiivisyyden lis\u00e4\u00e4misest\u00e4. Sensitiivisyys tarkoittaa esimerkiksi sit\u00e4, ett\u00e4 k\u00e4ytet\u00e4\u00e4n toisesta sellaista termist\u00f6\u00e4, kun h\u00e4n on pyyt\u00e4nyt itsest\u00e4\u00e4n k\u00e4ytett\u00e4v\u00e4n. Oli kyseess\u00e4 sitten kutsumanimi tai englannin kieless\u00e4 pronominien laajuus tai esimerkiksi vammaisuuden termit.<\/span><span data-ccp-props=\"{&quot;201341983&quot;:0,&quot;335559739&quot;:160,&quot;335559740&quot;:240}\">\u00a0<\/span><\/p><p><span data-contrast=\"auto\">Olen tavannut ihmisi\u00e4, joille on ok k\u00e4ytt\u00e4\u00e4 itsest\u00e4\u00e4n sanaa\u202f<\/span><i><span data-contrast=\"auto\">handicapped,<\/span><\/i><span data-contrast=\"auto\">\u202fkun taas itse\u00e4ni moinen sana puistattaa. Itse olen tarkkana siit\u00e4, ett\u00e4 ihmiset puhuisivat vammaisuuksista ihmisyys edell\u00e4, esimerkiksi\u202f<\/span><i><span data-contrast=\"auto\">people\u00a0with\u00a0different\u00a0abilities<\/span><\/i><span data-contrast=\"auto\">\u202ftai\u202f<\/span><i><span data-contrast=\"auto\">people\u00a0with\u00a0disabilities,<\/span><\/i><span data-contrast=\"auto\">\u202fjos haluaa k\u00e4ytt\u00e4\u00e4 sanaa\u202f<\/span><i><span data-contrast=\"auto\">disability<\/span><\/i><span data-contrast=\"auto\">, joka on tunne- ja arvolatautunut.\u202f<\/span><i><span data-contrast=\"auto\">Disabled\u00a0people<\/span><\/i><span data-contrast=\"auto\">\u202fsaa ainakin minut tuntemaan, ett\u00e4 vamma m\u00e4\u00e4ritt\u00e4\u00e4 ihmisyytt\u00e4, vaikka vamma on vain ihmisyyden yksi ominaisuus ja variaatio siin\u00e4 miss\u00e4 muutkin asiat.<\/span><span data-ccp-props=\"{&quot;201341983&quot;:0,&quot;335559739&quot;:160,&quot;335559740&quot;:240}\">\u00a0<\/span><\/p><p><span data-contrast=\"auto\">Vammaisia ei kuulu kohdella inspiraatiopornona. Emme tarvitse\u00a0selk\u00e4\u00e4ntaputtelijoita\u00a0tai kehuja siit\u00e4, ett\u00e4 nousemme yl\u00f6s s\u00e4ngyst\u00e4 ja\u00a0teemme ty\u00f6t\u00e4mme. Arkeamme eiv\u00e4t automaattisesti t\u00e4yt\u00e4 sellaiset adjektiivit kuin \u201dhaastava\u201d ja \u201dpoikkeava\u201d.<\/span><span data-ccp-props=\"{&quot;201341983&quot;:0,&quot;335559739&quot;:160,&quot;335559740&quot;:240}\">\u00a0<\/span><\/p><p><span data-contrast=\"auto\">Tietenkin kaikessa kieleen liittyv\u00e4ss\u00e4 kommunikoinnissa teemme my\u00f6s virheit\u00e4, kuten ihminen kaikessa inhimillisyydess\u00e4\u00e4n tekee. Virheiden tekeminen ei ole vaarallista, siit\u00e4 p\u00e4\u00e4see yli ja ihmiset yleens\u00e4 ymm\u00e4rt\u00e4v\u00e4t tilanteen. T\u00e4rkeint\u00e4 on kuitenkin halu toimia toista kohtaan oikein ja n\u00e4ytt\u00e4\u00e4 se my\u00f6s kielen tasolla, koska kieli luo todellisuutta sek\u00e4 pystytt\u00e4\u00e4 tai kaataa normien aitoja. Yhdeksi hyv\u00e4ksi esimerkiksi ja toiminnaksi olen itse havainnut sen, ett\u00e4 ihmiselt\u00e4 voi suoraan kysy\u00e4 mit\u00e4 termej\u00e4 h\u00e4n haluaisi itsest\u00e4\u00e4n k\u00e4ytett\u00e4v\u00e4n. T\u00e4ll\u00f6in v\u00e4ltyt\u00e4\u00e4n mahdollisilta v\u00e4\u00e4rink\u00e4sityksilt\u00e4.<\/span><span data-ccp-props=\"{&quot;201341983&quot;:0,&quot;335559739&quot;:160,&quot;335559740&quot;:240}\">\u00a0<\/span><\/p>\t\t\t\t\t\t\t\t<\/div>\n\t\t\t\t<\/div>\n\t\t\t\t<div class=\"elementor-element elementor-element-202f956 elementor-widget elementor-widget-heading\" data-id=\"202f956\" data-element_type=\"widget\" data-widget_type=\"heading.default\">\n\t\t\t\t<div class=\"elementor-widget-container\">\n\t\t\t\t\t<h2 class=\"elementor-heading-title elementor-size-default\">Lopuksi <\/h2>\t\t\t\t<\/div>\n\t\t\t\t<\/div>\n\t\t\t\t<div class=\"elementor-element elementor-element-2a584a02 elementor-widget elementor-widget-text-editor\" data-id=\"2a584a02\" data-element_type=\"widget\" data-widget_type=\"text-editor.default\">\n\t\t\t\t<div class=\"elementor-widget-container\">\n\t\t\t\t\t\t\t\t\t<p><span data-contrast=\"auto\">Turvallinen ilmapiiri siis koostuu moninaisista asioista, koska ihmisyys niin ryhm\u00e4ss\u00e4 kuin yksil\u00f6iss\u00e4kin on moninaista. T\u00e4rkeint\u00e4 on \u00e4\u00e4nen ja tilan antaminen niille, joita asia kulloinkin eniten koskee, kielellisen todellisuuden muokkaaminen huomioonottavammaksi ja inklusiivisemmaksi, olettamuksista vapaiden toimintaymp\u00e4rist\u00f6jen luominen ja k\u00e4ytt\u00e4ytyminen sen mukaan. Turvallisuuden luomisessa olennaista on halu n\u00e4hd\u00e4 toiset ihmisin\u00e4 ilman arvottamista. Ennen kaikkea inkluusion rakentaminen on matka ja prosessi, jossa ei ole p\u00e4\u00e4tepistett\u00e4 ja joka ei tule koskaan t\u00e4ydelliseksi. Meiss\u00e4 kaikissa paljon hyv\u00e4\u00e4, mit\u00e4 voimme oppia toinen toisiltamme.<\/span><span data-ccp-props=\"{&quot;201341983&quot;:0,&quot;335559739&quot;:160,&quot;335559740&quot;:240}\">\u00a0<\/span><\/p>\t\t\t\t\t\t\t\t<\/div>\n\t\t\t\t<\/div>\n\t\t\t\t<div class=\"elementor-element elementor-element-2391bc11 elementor-widget elementor-widget-text-editor\" data-id=\"2391bc11\" data-element_type=\"widget\" data-widget_type=\"text-editor.default\">\n\t\t\t\t<div class=\"elementor-widget-container\">\n\t\t\t\t\t\t\t\t\t<p><strong><span class=\"TextRun SCXW89364614 BCX9\" lang=\"FI-FI\" xml:lang=\"FI-FI\" data-contrast=\"auto\"><span class=\"NormalTextRun SCXW89364614 BCX9\">Julianna<\/span><span class=\"NormalTextRun SCXW89364614 BCX9\">\u00a0Brandt<\/span><\/span><span class=\"EOP SCXW89364614 BCX9\" data-ccp-props=\"{&quot;201341983&quot;:0,&quot;335559739&quot;:160,&quot;335559740&quot;:240}\">\u00a0<\/span><\/strong><br \/><span class=\"TextRun SCXW54989197 BCX9\" lang=\"FI-FI\" xml:lang=\"FI-FI\" data-contrast=\"auto\"><span class=\"NormalTextRun SCXW54989197 BCX9\">Kirjoittaja toimi RKI:n kouluttajana yhdenvertaisuuskysymyksiss\u00e4<\/span><\/span><span class=\"EOP SCXW54989197 BCX9\" data-ccp-props=\"{&quot;201341983&quot;:0,&quot;335559739&quot;:160,&quot;335559740&quot;:240}\">\u00a0<\/span><\/p>\t\t\t\t\t\t\t\t<\/div>\n\t\t\t\t<\/div>\n\t\t\t\t\t<\/div>\n\t\t<\/div>\n\t\t\t\t<div class=\"elementor-column elementor-col-16 elementor-top-column elementor-element elementor-element-4cee6bbd\" data-id=\"4cee6bbd\" data-element_type=\"column\">\n\t\t\t<div class=\"elementor-widget-wrap\">\n\t\t\t\t\t\t\t<\/div>\n\t\t<\/div>\n\t\t\t\t\t<\/div>\n\t\t<\/section>\n\t\t\t\t<section class=\"elementor-section elementor-top-section elementor-element elementor-element-32da260a elementor-section-boxed elementor-section-height-default elementor-section-height-default\" data-id=\"32da260a\" data-element_type=\"section\">\n\t\t\t\t\t\t<div class=\"elementor-container elementor-column-gap-default\">\n\t\t\t\t\t<div class=\"elementor-column elementor-col-100 elementor-top-column elementor-element elementor-element-45143a8b\" data-id=\"45143a8b\" data-element_type=\"column\">\n\t\t\t<div class=\"elementor-widget-wrap elementor-element-populated\">\n\t\t\t\t\t\t<div class=\"elementor-element elementor-element-70723262 elementor-widget elementor-widget-spacer\" data-id=\"70723262\" data-element_type=\"widget\" data-widget_type=\"spacer.default\">\n\t\t\t\t<div class=\"elementor-widget-container\">\n\t\t\t\t\t\t\t<div class=\"elementor-spacer\">\n\t\t\t<div class=\"elementor-spacer-inner\"><\/div>\n\t\t<\/div>\n\t\t\t\t\t\t<\/div>\n\t\t\t\t<\/div>\n\t\t\t\t\t<\/div>\n\t\t<\/div>\n\t\t\t\t\t<\/div>\n\t\t<\/section>\n\t\t\t\t<\/div>\n\t\t","protected":false},"excerpt":{"rendered":"<p>Julianna Brandt: Turvallisuus syntyy siit\u00e4, ett\u00e4 yhteis\u00f6ss\u00e4 on aitoa osallisuutta sellaisessa m\u00e4\u00e4rin, ett\u00e4 erilaiset toimintakyvyt n\u00e4hd\u00e4\u00e4n yht\u00e4 arvokkaina ja toinen toistaan opettavina. <\/p>\n","protected":false},"author":3,"featured_media":3801,"comment_status":"closed","ping_status":"closed","sticky":false,"template":"elementor_header_footer","format":"standard","meta":{"om_disable_all_campaigns":false,"_monsterinsights_skip_tracking":false,"_monsterinsights_sitenote_active":false,"_monsterinsights_sitenote_note":"","_monsterinsights_sitenote_category":0,"footnotes":"","_links_to":"","_links_to_target":""},"categories":[31],"tags":[],"class_list":["post-2477","post","type-post","status-publish","format-standard","has-post-thumbnail","hentry","category-blogi"],"aioseo_notices":[],"_links":{"self":[{"href":"https:\/\/rauhankasvatus.fi\/en\/wp-json\/wp\/v2\/posts\/2477","targetHints":{"allow":["GET"]}}],"collection":[{"href":"https:\/\/rauhankasvatus.fi\/en\/wp-json\/wp\/v2\/posts"}],"about":[{"href":"https:\/\/rauhankasvatus.fi\/en\/wp-json\/wp\/v2\/types\/post"}],"author":[{"embeddable":true,"href":"https:\/\/rauhankasvatus.fi\/en\/wp-json\/wp\/v2\/users\/3"}],"replies":[{"embeddable":true,"href":"https:\/\/rauhankasvatus.fi\/en\/wp-json\/wp\/v2\/comments?post=2477"}],"version-history":[{"count":19,"href":"https:\/\/rauhankasvatus.fi\/en\/wp-json\/wp\/v2\/posts\/2477\/revisions"}],"predecessor-version":[{"id":9658,"href":"https:\/\/rauhankasvatus.fi\/en\/wp-json\/wp\/v2\/posts\/2477\/revisions\/9658"}],"wp:featuredmedia":[{"embeddable":true,"href":"https:\/\/rauhankasvatus.fi\/en\/wp-json\/wp\/v2\/media\/3801"}],"wp:attachment":[{"href":"https:\/\/rauhankasvatus.fi\/en\/wp-json\/wp\/v2\/media?parent=2477"}],"wp:term":[{"taxonomy":"category","embeddable":true,"href":"https:\/\/rauhankasvatus.fi\/en\/wp-json\/wp\/v2\/categories?post=2477"},{"taxonomy":"post_tag","embeddable":true,"href":"https:\/\/rauhankasvatus.fi\/en\/wp-json\/wp\/v2\/tags?post=2477"}],"curies":[{"name":"wp","href":"https:\/\/api.w.org\/{rel}","templated":true}]}}