{"id":2463,"date":"2018-11-23T14:18:00","date_gmt":"2018-11-23T14:18:00","guid":{"rendered":"https:\/\/rauhankasvatus.fi\/?page_id=2463"},"modified":"2021-11-16T09:51:48","modified_gmt":"2021-11-16T09:51:48","slug":"blogi-nelja-vinkkia-turvallisempaan-tilaan","status":"publish","type":"post","link":"https:\/\/rauhankasvatus.fi\/en\/blogi-nelja-vinkkia-turvallisempaan-tilaan\/","title":{"rendered":"Nelj\u00e4 vinkki\u00e4 turvallisempaan tilaan"},"content":{"rendered":"\t\t<div data-elementor-type=\"wp-page\" data-elementor-id=\"2463\" class=\"elementor elementor-2463\" data-elementor-post-type=\"post\">\n\t\t\t\t\t\t<section class=\"elementor-section elementor-top-section elementor-element elementor-element-2c1a13ea elementor-section-boxed elementor-section-height-default elementor-section-height-default\" data-id=\"2c1a13ea\" data-element_type=\"section\" data-settings=\"{&quot;background_background&quot;:&quot;classic&quot;}\">\n\t\t\t\t\t\t<div class=\"elementor-container elementor-column-gap-default\">\n\t\t\t\t\t<div class=\"elementor-column elementor-col-100 elementor-top-column elementor-element elementor-element-13a824d3\" data-id=\"13a824d3\" data-element_type=\"column\">\n\t\t\t<div class=\"elementor-widget-wrap elementor-element-populated\">\n\t\t\t\t\t\t<div class=\"elementor-element elementor-element-78150fd2 elementor-widget elementor-widget-heading\" data-id=\"78150fd2\" data-element_type=\"widget\" data-widget_type=\"heading.default\">\n\t\t\t\t<div class=\"elementor-widget-container\">\n\t\t\t\t\t<h1 class=\"elementor-heading-title elementor-size-default\">Nelj\u00e4 vinkki\u00e4 turvallisempaan tilaan<\/h1>\t\t\t\t<\/div>\n\t\t\t\t<\/div>\n\t\t\t\t\t<\/div>\n\t\t<\/div>\n\t\t\t\t\t<\/div>\n\t\t<\/section>\n\t\t\t\t<section class=\"elementor-section elementor-top-section elementor-element elementor-element-27ae1769 elementor-section-boxed elementor-section-height-default elementor-section-height-default\" data-id=\"27ae1769\" data-element_type=\"section\">\n\t\t\t\t\t\t<div class=\"elementor-container elementor-column-gap-default\">\n\t\t\t\t\t<div class=\"elementor-column elementor-col-100 elementor-top-column elementor-element elementor-element-1ace54c1\" data-id=\"1ace54c1\" data-element_type=\"column\">\n\t\t\t<div class=\"elementor-widget-wrap elementor-element-populated\">\n\t\t\t\t\t\t<div class=\"elementor-element elementor-element-19ef3551 elementor-hidden-tablet elementor-widget elementor-widget-spacer\" data-id=\"19ef3551\" data-element_type=\"widget\" data-widget_type=\"spacer.default\">\n\t\t\t\t<div class=\"elementor-widget-container\">\n\t\t\t\t\t\t\t<div class=\"elementor-spacer\">\n\t\t\t<div class=\"elementor-spacer-inner\"><\/div>\n\t\t<\/div>\n\t\t\t\t\t\t<\/div>\n\t\t\t\t<\/div>\n\t\t\t\t<div class=\"elementor-element elementor-element-505979c8 elementor-widget elementor-widget-text-editor\" data-id=\"505979c8\" data-element_type=\"widget\" data-widget_type=\"text-editor.default\">\n\t\t\t\t<div class=\"elementor-widget-container\">\n\t\t\t\t\t\t\t\t\t<p style=\"text-align: center;\">Teksti: Liban Sheikh<\/p>\t\t\t\t\t\t\t\t<\/div>\n\t\t\t\t<\/div>\n\t\t\t\t\t<\/div>\n\t\t<\/div>\n\t\t\t\t\t<\/div>\n\t\t<\/section>\n\t\t\t\t<section class=\"elementor-section elementor-top-section elementor-element elementor-element-4ec7fdc6 elementor-section-boxed elementor-section-height-default elementor-section-height-default\" data-id=\"4ec7fdc6\" data-element_type=\"section\">\n\t\t\t\t\t\t<div class=\"elementor-container elementor-column-gap-default\">\n\t\t\t\t\t<div class=\"elementor-column elementor-col-16 elementor-top-column elementor-element elementor-element-1b8955ad\" data-id=\"1b8955ad\" data-element_type=\"column\">\n\t\t\t<div class=\"elementor-widget-wrap\">\n\t\t\t\t\t\t\t<\/div>\n\t\t<\/div>\n\t\t\t\t<div class=\"elementor-column elementor-col-66 elementor-top-column elementor-element elementor-element-622e5bc2\" data-id=\"622e5bc2\" data-element_type=\"column\">\n\t\t\t<div class=\"elementor-widget-wrap elementor-element-populated\">\n\t\t\t\t\t\t<div class=\"elementor-element elementor-element-5282d34 elementor-widget elementor-widget-heading\" data-id=\"5282d34\" data-element_type=\"widget\" data-widget_type=\"heading.default\">\n\t\t\t\t<div class=\"elementor-widget-container\">\n\t\t\t\t\t<h2 class=\"elementor-heading-title elementor-size-default\">1. Tilaa tasa-arvoistavat teot<\/h2>\t\t\t\t<\/div>\n\t\t\t\t<\/div>\n\t\t\t\t<div class=\"elementor-element elementor-element-321f46e3 elementor-widget elementor-widget-text-editor\" data-id=\"321f46e3\" data-element_type=\"widget\" data-widget_type=\"text-editor.default\">\n\t\t\t\t<div class=\"elementor-widget-container\">\n\t\t\t\t\t\t\t\t\t<ul><li data-leveltext=\"\uf0b7\" data-font=\"Symbol\" data-listid=\"1\" aria-setsize=\"-1\" data-aria-posinset=\"1\" data-aria-level=\"1\"><span data-contrast=\"auto\">Nuorisotilassa, kuten yhteiskunnassa laajemmin, vaikuttavat monenlaiset dynamiikat ja valtasuhteet. Turvallisempaa ja saavutettavaa nuorisotilaa teht\u00e4ess\u00e4 on kiinnitett\u00e4v\u00e4 huomiota valtaeroihin. Se tapahtuu keskustelun lis\u00e4ksi sellaisilla teoilla, jotka varmistavat esteett\u00f6myyden, syrjint\u00e4vapaan ja turvallisen ilmapiirin nuorilla viihty\u00e4 nuorisotiloissa: Millaiset fyysiset liikkumamahdollisuudet tilassa on apuv\u00e4lineill\u00e4 liikkuville nuorille, miss\u00e4 tila sijaitsee ja ketk\u00e4 sinne p\u00e4\u00e4sev\u00e4t? Onko tilan sein\u00e4ll\u00e4 syrjinn\u00e4st\u00e4 vapaan alueen plakaatti?<br \/><br \/><\/span><\/li><li data-leveltext=\"\uf0b7\" data-font=\"Symbol\" data-listid=\"1\" aria-setsize=\"-1\" data-aria-posinset=\"1\" data-aria-level=\"1\"><span data-contrast=\"auto\">Huomio on tarpeellista kiinnitt\u00e4\u00e4 my\u00f6s siihen, ett\u00e4 kaikilla nuorilla on oikeus tasavertaiseen toimijuuteen ja huomioon. Miss\u00e4 asemassa esimerkiksi ruskeat tai erikieliset nuoret tilassa ovat? N\u00e4hd\u00e4\u00e4nk\u00f6 heid\u00e4t toiminnan kohteina vai toimijoina siin\u00e4 miss\u00e4 muutkin nuoret? Varmistetaan siis, ett\u00e4 otetaan kaikki mukaan kielitaidosta tai uskonnoista riippumatta.<br \/><br \/><\/span><\/li><li data-leveltext=\"\uf0b7\" data-font=\"Symbol\" data-listid=\"1\" aria-setsize=\"-1\" data-aria-posinset=\"1\" data-aria-level=\"1\"><span data-contrast=\"auto\">Tilan tasa-arvoistaminen tapahtuu konkreettisella puheenvuorojen jakamisella nuorille. T\u00e4ss\u00e4 tekstiss\u00e4 esimerkiksi puhuu ruskea nuori mies, mutta jotta \u00e4\u00e4neni voisi kuulua, se on mahdollistettava arjen k\u00e4yt\u00e4nn\u00f6iss\u00e4. Ei riit\u00e4 ett\u00e4 mietimme, kuinka saada eritaustaisia nuoria mukaan toimintaan, vaan kysymyksen tulisi enemmin kuulua, kuinka saisimme nuorisotiloistamme syrjinn\u00e4n vastaisia? T\u00e4ll\u00f6in eritaustaiset nuoret kyll\u00e4 saapuvat paikalle. Kuunnellaan siis nuorten toiveita ja tehd\u00e4\u00e4n tiloista voimaannuttavia kaikille.<br \/><br \/><\/span><\/li><li data-leveltext=\"\uf0b7\" data-font=\"Symbol\" data-listid=\"1\" aria-setsize=\"-1\" data-aria-posinset=\"1\" data-aria-level=\"1\"><span data-contrast=\"auto\">Tasa-arvoistaminen ulottuu my\u00f6s nuorisotilan taustalla olevan ty\u00f6yhteis\u00f6n toimintapolitiikkaan. Tasa-arvoistaminen koskettaa suoraan sellaisia asioita,\u00a0kuten\u00a0ketk\u00e4 nuorisokent\u00e4ll\u00e4 saavat palkkaa, millaiset henkil\u00f6t ovat tunnustettuja asiantuntijoita ja mill\u00e4 meriiteill\u00e4. Onko nuorilla nuorisoty\u00f6ntekij\u00f6in\u00e4 samaistuttavia aikuisia, joihin he voivat v\u00e4litt\u00f6m\u00e4sti turvautua? T\u00e4ll\u00f6in heill\u00e4 on tukiverkkoja ja ihmisi\u00e4, joiden puoleen k\u00e4\u00e4nty\u00e4, ihmisi\u00e4, jotka kenties jakavat saman tyyppisi\u00e4 kokemuksia ja my\u00f6s uskovat haasteista kerrottaessa.<\/span><span data-ccp-props=\"{&quot;201341983&quot;:0,&quot;335559739&quot;:160,&quot;335559740&quot;:240}\">\u00a0<\/span><\/li><\/ul>\t\t\t\t\t\t\t\t<\/div>\n\t\t\t\t<\/div>\n\t\t\t\t<div class=\"elementor-element elementor-element-1bc649d elementor-widget elementor-widget-heading\" data-id=\"1bc649d\" data-element_type=\"widget\" data-widget_type=\"heading.default\">\n\t\t\t\t<div class=\"elementor-widget-container\">\n\t\t\t\t\t<h2 class=\"elementor-heading-title elementor-size-default\">2. Omien olettamusten tarkastaminen <\/h2>\t\t\t\t<\/div>\n\t\t\t\t<\/div>\n\t\t\t\t<div class=\"elementor-element elementor-element-71873b62 elementor-widget elementor-widget-text-editor\" data-id=\"71873b62\" data-element_type=\"widget\" data-widget_type=\"text-editor.default\">\n\t\t\t\t<div class=\"elementor-widget-container\">\n\t\t\t\t\t\t\t\t\t<ul><li>Turvallisessa tilassa er\u00e4s p\u00e4\u00e4periaatteista on peiliin katsominen ja omien ennakkoluulojen ajoittainen tarkastaminen. On hyv\u00e4 tiedostaa omat normatiiviset olettamukset siit\u00e4, miten maailma toimii ja millaiset valinnat ovat kunnollisen ihmisen mitta. Kohtaamme nuorisokent\u00e4ll\u00e4 paljon sosioekonomisesti, kulttuurisesti, maailmankatsomuksellisesti, seksuaaliselta suuntautumiseltaan tai toimintakyvylt\u00e4\u00e4n eritaustaisia ihmisi\u00e4. Jotta tilat ovat kaikki mukaan ottavia, eli inklusiivisia, tulee omat olettamukset tiedostaa ja olla valmis ne toisinaan haastamaan.<br \/><br \/><\/li><li>Yhten\u00e4 esimerkkin\u00e4 ovat mielikuvamme toiminnan p\u00e4\u00e4m\u00e4\u00e4rist\u00e4 ja asiakkaista. Mink\u00e4 n\u00e4k\u00f6isi\u00e4 nuoria ne koskevat? Miellet\u00e4\u00e4nk\u00f6 nuoret aina tietyn tyyppisiksi (eli usein keskiluokkaisiksi, suomea \u00e4idinkielen\u00e4\u00e4n puhuviksi, luterilaiseksi, keskiluokkaisesta kodista tuleviksi jne.), ja tulevatko normeista eroavat nuoret toiminnan sivussa? Normikriittinen yhdenvertaisuusty\u00f6 auttaa ammattilaisia n\u00e4iss\u00e4 kysymyksiss\u00e4. Moninaiset nuoret eiv\u00e4t ole mit\u00e4\u00e4n ekstraa vaan tasavertaisen toiminnan ytimess\u00e4.\u00a0<\/li><\/ul>\t\t\t\t\t\t\t\t<\/div>\n\t\t\t\t<\/div>\n\t\t\t\t<div class=\"elementor-element elementor-element-2c6502c elementor-widget elementor-widget-heading\" data-id=\"2c6502c\" data-element_type=\"widget\" data-widget_type=\"heading.default\">\n\t\t\t\t<div class=\"elementor-widget-container\">\n\t\t\t\t\t<h2 class=\"elementor-heading-title elementor-size-default\">3. Oikeus olla ihminen ja tuntea <\/h2>\t\t\t\t<\/div>\n\t\t\t\t<\/div>\n\t\t\t\t<div class=\"elementor-element elementor-element-6d4d8415 elementor-widget elementor-widget-text-editor\" data-id=\"6d4d8415\" data-element_type=\"widget\" data-widget_type=\"text-editor.default\">\n\t\t\t\t<div class=\"elementor-widget-container\">\n\t\t\t\t\t\t\t\t\t<ul><li>Oikeus olla yksil\u00f6 ja oma itsens\u00e4 on er\u00e4s merkitt\u00e4vimmist\u00e4 turvallisen tilan filosofioista. Jotta tila voi olla avoin kaikkinaisille nuorille, tilassa olijat on kohdattava yksil\u00f6in\u00e4. Se tarkoittaa sit\u00e4, ett\u00e4 kaikki ovat ensisijaisesti ihmisyksil\u00f6it\u00e4, ja v\u00e4hemmist\u00f6\u00f6n kuuluvia lapsia kohdellaan yhdenvertaisesti omana itsen\u00e4\u00e4n eik\u00e4 taustansa tai ryhm\u00e4ns\u00e4 edustajana. Muslimilapsen ei tarvitse siis olla islamin asiantuntija sit\u00e4 tuntemattomille, eik\u00e4 sateenkaarinuoren tarvitse tiet\u00e4\u00e4 HLBTIQ+ -yhteis\u00f6n ihmisoikeuskamppailuista sen enemp\u00e4\u00e4 kuin muidenkaan. Annetaan nuorten olla nuoria.<br \/><br \/><\/li><li>Oikeus olla ihminen kytkeytyy my\u00f6s ep\u00e4mukavuuden siet\u00e4miseen ja tilan antamiseen tunteiden ilmaisulle. Tunteet kuuluvat ihmisyyteen, ja turvallisuus on eri asia kuin mukavuus. Nuorisoty\u00f6ntekij\u00f6ill\u00e4 on hyv\u00e4 olla kyky olla turvallinen aikuinen nuorten el\u00e4m\u00e4ss\u00e4.<br \/><br \/><\/li><li>Oikeus olla yksil\u00f6 ja ihminen liittyy my\u00f6s tasa-arvoistamisen kysymykseen siit\u00e4, ovatko nuoret ymp\u00e4rist\u00f6ns\u00e4 kohteita vai toimijoita. Yksil\u00f6llisyyden vaade kytkeytyy my\u00f6s olettamuksiimme ihmisryhmist\u00e4. Se, mit\u00e4 oletamme nuorista, ja siten heit\u00e4 kohtaavista haasteista, ohjaa jatkuvasti k\u00e4yt\u00e4nn\u00f6n toimenpiteit\u00e4. Olemmeko ottaneet esimerkiksi huomioon, ettemme eriarvoista nuoria syrj\u00e4ytymist\u00e4 ennaltaehk\u00e4isevill\u00e4 toimenpiteill\u00e4 (ja k\u00e4yt\u00e4 kulttuurisia selitysmalleja esimerkiksi v\u00e4hemmist\u00f6nuorten ty\u00f6tt\u00f6myydest\u00e4 puhuttaessa)?<\/li><\/ul>\t\t\t\t\t\t\t\t<\/div>\n\t\t\t\t<\/div>\n\t\t\t\t<div class=\"elementor-element elementor-element-ff9f1ba elementor-widget elementor-widget-heading\" data-id=\"ff9f1ba\" data-element_type=\"widget\" data-widget_type=\"heading.default\">\n\t\t\t\t<div class=\"elementor-widget-container\">\n\t\t\t\t\t<h2 class=\"elementor-heading-title elementor-size-default\">4. Suostumuksellinen vastavuoroisuus<\/h2>\t\t\t\t<\/div>\n\t\t\t\t<\/div>\n\t\t\t\t<div class=\"elementor-element elementor-element-53940f30 elementor-widget elementor-widget-text-editor\" data-id=\"53940f30\" data-element_type=\"widget\" data-widget_type=\"text-editor.default\">\n\t\t\t\t<div class=\"elementor-widget-container\">\n\t\t\t\t\t\t\t\t\t<ul><li>Turvallisemman tilan nelj\u00e4s merkitt\u00e4v\u00e4 periaate on, ett\u00e4 tilassa on yhdess\u00e4 sovitut ja kaikkien siihen suostumat s\u00e4\u00e4nn\u00f6t. T\u00e4rke\u00e4\u00e4 on kuulla kaikkien nuorien \u00e4\u00e4ni prosessissa ja sopia s\u00e4\u00e4nn\u00f6t koskien s\u00e4\u00e4nt\u00f6jen rikkomista sek\u00e4 sit\u00e4, miten toimia kun niist\u00e4 poiketaan.<br \/><br \/><\/li><li>Er\u00e4s hyv\u00e4 nyrkkis\u00e4\u00e4nt\u00f6 suostumuksellisuudessa on se, ett\u00e4 oikeus olla osallistumatta on turvallisen vuorovaikutuksen l\u00e4ht\u00f6kohta. Osallistuminen ei siis koskaan ole pakko, vaan siihen kannustetaan ja hyv\u00e4ksyt\u00e4\u00e4n my\u00f6s osallistumattomuus.<\/li><\/ul>\t\t\t\t\t\t\t\t<\/div>\n\t\t\t\t<\/div>\n\t\t\t\t<div class=\"elementor-element elementor-element-4585ca7 elementor-widget elementor-widget-text-editor\" data-id=\"4585ca7\" data-element_type=\"widget\" data-widget_type=\"text-editor.default\">\n\t\t\t\t<div class=\"elementor-widget-container\">\n\t\t\t\t\t\t\t\t\t<p>Oman osaamisen sek\u00e4 puutteiden tunnustaminen, kartoittaminen ja kehitt\u00e4minen on t\u00e4ss\u00e4 kaikessa olennaista. Turvallisemman tilan luominen on prosessi. Sit\u00e4 kohti p\u00e4\u00e4semisess\u00e4 auttaa jo kuitenkin paljon periaatteiden muistaminen. Ohjeita inklusiivisesta nuorisoty\u00f6st\u00e4 l\u00f6ytyy my\u00f6s oppaasta\u202f<a href=\"https:\/\/rauhankasvatus.fi\/wp-content\/uploads\/2021\/05\/kaikki-mukana_0.pdf\">Kaikki mukana?\u00a0 \u2013 Yhdenvertaisuussuunnittelun opas nuorisoty\u00f6h\u00f6n\u202f(2018) [pdf]<\/a>.\u202f\u00a0<\/p>\t\t\t\t\t\t\t\t<\/div>\n\t\t\t\t<\/div>\n\t\t\t\t<div class=\"elementor-element elementor-element-563109c5 elementor-widget elementor-widget-text-editor\" data-id=\"563109c5\" data-element_type=\"widget\" data-widget_type=\"text-editor.default\">\n\t\t\t\t<div class=\"elementor-widget-container\">\n\t\t\t\t\t\t\t\t\t<p><b>Liban Sheikh<br \/><\/b><span style=\"color: var( --e-global-color-text ); font-family: var( --e-global-typography-text-font-family ), Sans-serif; font-size: var( --e-global-typography-text-font-size ); font-weight: var( --e-global-typography-text-font-weight );\">RKI:n syrjinn\u00e4n- ja rasisminvastaisen ty\u00f6n kouluttaja ja hankekoordinaattori<\/span><\/p>\t\t\t\t\t\t\t\t<\/div>\n\t\t\t\t<\/div>\n\t\t\t\t\t<\/div>\n\t\t<\/div>\n\t\t\t\t<div class=\"elementor-column elementor-col-16 elementor-top-column elementor-element elementor-element-ca74264\" data-id=\"ca74264\" data-element_type=\"column\">\n\t\t\t<div class=\"elementor-widget-wrap\">\n\t\t\t\t\t\t\t<\/div>\n\t\t<\/div>\n\t\t\t\t\t<\/div>\n\t\t<\/section>\n\t\t\t\t<section class=\"elementor-section elementor-top-section elementor-element elementor-element-680d8ebc elementor-section-boxed elementor-section-height-default elementor-section-height-default\" data-id=\"680d8ebc\" data-element_type=\"section\">\n\t\t\t\t\t\t<div class=\"elementor-container elementor-column-gap-default\">\n\t\t\t\t\t<div class=\"elementor-column elementor-col-100 elementor-top-column elementor-element elementor-element-531e350d\" data-id=\"531e350d\" data-element_type=\"column\">\n\t\t\t<div class=\"elementor-widget-wrap elementor-element-populated\">\n\t\t\t\t\t\t<div class=\"elementor-element elementor-element-1e52255e elementor-widget elementor-widget-spacer\" data-id=\"1e52255e\" data-element_type=\"widget\" data-widget_type=\"spacer.default\">\n\t\t\t\t<div class=\"elementor-widget-container\">\n\t\t\t\t\t\t\t<div class=\"elementor-spacer\">\n\t\t\t<div class=\"elementor-spacer-inner\"><\/div>\n\t\t<\/div>\n\t\t\t\t\t\t<\/div>\n\t\t\t\t<\/div>\n\t\t\t\t\t<\/div>\n\t\t<\/div>\n\t\t\t\t\t<\/div>\n\t\t<\/section>\n\t\t\t\t<\/div>\n\t\t","protected":false},"excerpt":{"rendered":"<p>Liban Sheikh: Turvallisempaa nuorisotilaa luotaessa on kiinnitett\u00e4v\u00e4 huomiota valtaeroihin, nuorten toimijuuteen, omiin olettamuksiin, yhteisiin s\u00e4\u00e4nt\u00f6ihin ja aidosti syrjinn\u00e4st\u00e4 vapaaseen toimintaan.  <\/p>\n","protected":false},"author":3,"featured_media":1185,"comment_status":"closed","ping_status":"closed","sticky":false,"template":"elementor_header_footer","format":"standard","meta":{"om_disable_all_campaigns":false,"_monsterinsights_skip_tracking":false,"_monsterinsights_sitenote_active":false,"_monsterinsights_sitenote_note":"","_monsterinsights_sitenote_category":0,"footnotes":"","_links_to":"","_links_to_target":""},"categories":[31],"tags":[],"class_list":["post-2463","post","type-post","status-publish","format-standard","has-post-thumbnail","hentry","category-blogi"],"aioseo_notices":[],"_links":{"self":[{"href":"https:\/\/rauhankasvatus.fi\/en\/wp-json\/wp\/v2\/posts\/2463","targetHints":{"allow":["GET"]}}],"collection":[{"href":"https:\/\/rauhankasvatus.fi\/en\/wp-json\/wp\/v2\/posts"}],"about":[{"href":"https:\/\/rauhankasvatus.fi\/en\/wp-json\/wp\/v2\/types\/post"}],"author":[{"embeddable":true,"href":"https:\/\/rauhankasvatus.fi\/en\/wp-json\/wp\/v2\/users\/3"}],"replies":[{"embeddable":true,"href":"https:\/\/rauhankasvatus.fi\/en\/wp-json\/wp\/v2\/comments?post=2463"}],"version-history":[{"count":19,"href":"https:\/\/rauhankasvatus.fi\/en\/wp-json\/wp\/v2\/posts\/2463\/revisions"}],"predecessor-version":[{"id":9910,"href":"https:\/\/rauhankasvatus.fi\/en\/wp-json\/wp\/v2\/posts\/2463\/revisions\/9910"}],"wp:featuredmedia":[{"embeddable":true,"href":"https:\/\/rauhankasvatus.fi\/en\/wp-json\/wp\/v2\/media\/1185"}],"wp:attachment":[{"href":"https:\/\/rauhankasvatus.fi\/en\/wp-json\/wp\/v2\/media?parent=2463"}],"wp:term":[{"taxonomy":"category","embeddable":true,"href":"https:\/\/rauhankasvatus.fi\/en\/wp-json\/wp\/v2\/categories?post=2463"},{"taxonomy":"post_tag","embeddable":true,"href":"https:\/\/rauhankasvatus.fi\/en\/wp-json\/wp\/v2\/tags?post=2463"}],"curies":[{"name":"wp","href":"https:\/\/api.w.org\/{rel}","templated":true}]}}