{"id":21529,"date":"2022-09-30T08:56:39","date_gmt":"2022-09-30T08:56:39","guid":{"rendered":"https:\/\/rauhankasvatus.fi\/?p=21529"},"modified":"2022-09-30T09:00:59","modified_gmt":"2022-09-30T09:00:59","slug":"tekstivastine-nuoret-ja-rohkeat-vimma","status":"publish","type":"post","link":"https:\/\/rauhankasvatus.fi\/tekstivastine-nuoret-ja-rohkeat-vimma\/","title":{"rendered":"Tekstivastine \u2013 Nuoret ja rohkeat: Vimma"},"content":{"rendered":"\t\t<div data-elementor-type=\"wp-post\" data-elementor-id=\"21529\" class=\"elementor elementor-21529\" data-elementor-post-type=\"post\">\n\t\t\t\t\t\t<section class=\"elementor-section elementor-top-section elementor-element elementor-element-12220361 elementor-section-boxed elementor-section-height-default elementor-section-height-default\" data-id=\"12220361\" data-element_type=\"section\">\n\t\t\t\t\t\t<div class=\"elementor-container elementor-column-gap-default\">\n\t\t\t\t\t<div class=\"elementor-column elementor-col-100 elementor-top-column elementor-element elementor-element-426aa212\" data-id=\"426aa212\" data-element_type=\"column\">\n\t\t\t<div class=\"elementor-widget-wrap elementor-element-populated\">\n\t\t\t\t\t\t<div class=\"elementor-element elementor-element-7d7345d4 elementor-hidden-tablet elementor-widget elementor-widget-spacer\" data-id=\"7d7345d4\" data-element_type=\"widget\" data-widget_type=\"spacer.default\">\n\t\t\t\t<div class=\"elementor-widget-container\">\n\t\t\t\t\t\t\t<div class=\"elementor-spacer\">\n\t\t\t<div class=\"elementor-spacer-inner\"><\/div>\n\t\t<\/div>\n\t\t\t\t\t\t<\/div>\n\t\t\t\t<\/div>\n\t\t\t\t\t<\/div>\n\t\t<\/div>\n\t\t\t\t\t<\/div>\n\t\t<\/section>\n\t\t\t\t<section class=\"elementor-section elementor-top-section elementor-element elementor-element-491a698a elementor-section-boxed elementor-section-height-default elementor-section-height-default\" data-id=\"491a698a\" data-element_type=\"section\">\n\t\t\t\t\t\t<div class=\"elementor-container elementor-column-gap-default\">\n\t\t\t\t\t<div class=\"elementor-column elementor-col-16 elementor-top-column elementor-element elementor-element-4fe7991f\" data-id=\"4fe7991f\" data-element_type=\"column\">\n\t\t\t<div class=\"elementor-widget-wrap\">\n\t\t\t\t\t\t\t<\/div>\n\t\t<\/div>\n\t\t\t\t<div class=\"elementor-column elementor-col-66 elementor-top-column elementor-element elementor-element-29e81235\" data-id=\"29e81235\" data-element_type=\"column\">\n\t\t\t<div class=\"elementor-widget-wrap elementor-element-populated\">\n\t\t\t\t\t\t<div class=\"elementor-element elementor-element-55d09337 elementor-widget elementor-widget-heading\" data-id=\"55d09337\" data-element_type=\"widget\" data-widget_type=\"heading.default\">\n\t\t\t\t<div class=\"elementor-widget-container\">\n\t\t\t\t\t<h1 class=\"elementor-heading-title elementor-size-default\">Tekstivastine \u2013 Nuoret ja rohkeat: Vimma \u2013 Mukaan aaltoon<\/h1>\t\t\t\t<\/div>\n\t\t\t\t<\/div>\n\t\t\t\t<div class=\"elementor-element elementor-element-5dde38e3 elementor-widget elementor-widget-text-editor\" data-id=\"5dde38e3\" data-element_type=\"widget\" data-widget_type=\"text-editor.default\">\n\t\t\t\t<div class=\"elementor-widget-container\">\n\t\t\t\t\t\t\t\t\t<p><span style=\"font-family: var( --e-global-typography-text-font-family ), Sans-serif; font-size: var( --e-global-typography-text-font-size ); font-weight: var( --e-global-typography-text-font-weight );\">Kamera kuvaa auton takapenkilt\u00e4 er\u00e4st\u00e4 Vimma-b\u00e4ndin j\u00e4sent\u00e4, joka osoittaa itse\u00e4\u00e4n taskulampulla ja hymyilee innostuneesti. Kamera k\u00e4\u00e4ntyy auton menosuuntaan ja kuvaa ymp\u00e4ri autoa b\u00e4ndin j\u00e4senen puhuessa:<\/span><br><\/p>\n<p>Meill\u00e4 on musiikkia<br>joka on siin\u00e4 mieless\u00e4 harvinaislaatusta<br>ett\u00e4 meid\u00e4n musiikissa on tosi vahvasti semmonen ett\u00e4<br>sen musiikin kautta yhdess\u00e4 koettuna<br>voitas jotenkin <br>tuoda<br>siihen yhteiseen tilaan<br>joku semmonen<br>realisoituminen siit\u00e4 ett\u00e4 <br>mik\u00e4 t\u00e4\u00e4 maailman tila on<br>ja ehk\u00e4 ett\u00e4 milt\u00e4 se tuntuu<br>tai milt\u00e4 se on tuntunmatta<br>ja milt\u00e4 se tuntuu ku se on tuntumatta<br>vaikka sen j\u00e4rjell\u00e4 tajuaa.<\/p>\n<p>B\u00e4ndin j\u00e4senen puhuessa ruudulla n\u00e4kyy videop\u00e4tki\u00e4 heid\u00e4n matkastaan keikalle Saksaan. Autosta he menev\u00e4t laivaan, kuvaavat siell\u00e4 ymp\u00e4riins\u00e4 ja pit\u00e4v\u00e4t hauskaa. Sitten kamera kuvaa erilaisia maisemia, kuten lumetonta talvimaisemaa, autosta k\u00e4sin. <br>Seuraavaksi kamera kuvaa y\u00f6llist\u00e4 automatkaa takapenkilt\u00e4 ja b\u00e4ndin j\u00e4sen jatkaa puhumista:<\/p>\n<p>Siit\u00e4 keikasta j\u00e4i kyll\u00e4 semmonen tosi<br>j\u00e4nn\u00e4 fiilis<br>tai jotenkin se ett\u00e4<br>meill\u00e4 on vahva sanoma<br>joka kiteytyy sellaseen ett\u00e4 hei<br>oltasko t\u00e4ss\u00e4 hetken aikaa yhdess\u00e4 ja<br>annettaisko sen <br>tajuamisen tapahtua.<\/p>\n<p>Ruudulla n\u00e4kyy taas lyhyit\u00e4 videop\u00e4tki\u00e4 b\u00e4ndin matkaamisesta ja hauskanpidosta matkalla. B\u00e4ndin j\u00e4sen jatkaa puhumista:<\/p>\n<p>Ja sitten me soitetaan niit\u00e4 juttuja <br>v\u00e4h\u00e4n niinku kuuroille korville<br>koska kaikki haluaa vaan verkostoitua<br>ett\u00e4 ne p\u00e4\u00e4sis tekem\u00e4\u00e4n lis\u00e4\u00e4 t\u00f6it\u00e4<br>ett\u00e4 ne p\u00e4\u00e4sis kuluttamaan lis\u00e4\u00e4 energiaa<br>ett\u00e4 ne p\u00e4\u00e4sis<br>latautumaan lis\u00e4\u00e4.<\/p>\n<p>Ja jotenkin se koko keikka oli v\u00e4h\u00e4n niinku semmone<br>pikkupikku kuva siit\u00e4 ett\u00e4<br>mit\u00e4 t\u00e4ss\u00e4 maailmassa kokoajan tapahtuu.<\/p>\n<p>Kamera kuvaa lavan takana tapahtuvia hetki\u00e4 samalla, kun toinen b\u00e4ndin j\u00e4sen puhuu:<\/p>\n<p>M\u00e4 toivoisin ett\u00e4 ihmiset l\u00f6yt\u00e4is tavallaan sellasen<br>kelailis et mik\u00e4 nyt ois se semmonen tila<br>miss\u00e4 m\u00e4 oikeesti vaan haluisin<br>v\u00e4h\u00e4n niinku pysy\u00e4<br>et ei ois koko ajan kauhee tarve<br>pyristell\u00e4 jonnekin.<\/p>\n<p>Ruudulla n\u00e4kyy videop\u00e4tki\u00e4 heid\u00e4n ruokailustaan ja oleilustaan Saksassa. Sama b\u00e4ndin j\u00e4sen jatkaa puhumista:<\/p>\n<p>Jotenkin sit siin\u00e4 vaihessa ku<br>on jo se tila miss\u00e4 on hyv\u00e4 olla<br>niin tuntuu et<br>et siin\u00e4 vaiheessa sitten ne p\u00e4\u00e4t\u00f6kset<br>mit\u00e4 muuta sit rupeis tekee ni ois jotenki<br>j\u00e4rkev\u00e4mpi\u00e4 ja<br>kest\u00e4v\u00e4mm\u00e4ll\u00e4 pohjalla.<\/p>\n<p>Sit jos on vaan pakottava tarve teh\u00e4 jotain<br>niin sittenh\u00e4n vaan tekee ihan mit\u00e4 tahansa.<\/p>\n<p>Kamera kuvaa auton takapenkilt\u00e4 katulamppujen valaisemaa tiet\u00e4, kun kaksi b\u00e4ndin j\u00e4sent\u00e4 keskustelevat kesken\u00e4\u00e4n auton humistessa taustalla:<\/p>\n<p>Tavallaan pit\u00e4s vaan jotenkin<br>l\u00f6yt\u00e4\u00e4 se semmonen viha jotenkin et<br>mit\u00e4 hittoo mit\u00e4 te teette<br>teid\u00e4n pit\u00e4s niinku kuunnella t\u00e4t\u00e4.<\/p>\n<p>Jotenkin sit\u00e4 ajautuu tosi semmoseen<br>kilttiin tilaan tai siin\u00e4 on semmosessa<br>j\u00e4nn\u00e4ss\u00e4 hoidetaan homma -roolissa ja niinku<br>katoo se linkki tavallaan siihen ett\u00e4<br>miks ihan oikeesti alun perin ollaan l\u00e4hetty tekee <br>just tollasta musaa<br>ja miten hiton vahva se on.<\/p>\n<p>Tavallaan mua vieroksuttaa semmonen<br>jotenkin repiv\u00e4 anarkia<br>tai siis m\u00e4 ymm\u00e4rr\u00e4n ett\u00e4 se voi joskus olla niinku<br>ainoa radikaali ratkasu asioihin<br>mutta mulla on jotenkin niin<br>idealistin usko siihen ett\u00e4<br>asioita voi l\u00e4hestyy jotenkin<br>pehmeesti tai jotenkin<br>houkutella ihmiset<br>mukaan aaltoon.<\/p>\n<p>Ruudulle ilmestyy Vimma-b\u00e4ndin valkoinen logo mustalla taustalla. <br>Videon loppun\u00e4kym\u00e4ss\u00e4 on nelj\u00e4 logoa valkoisella taustalla. Keskell\u00e4 suurilla mustilla kirjaimilla on Nuoret &amp; Rohkeat -logo, alavasemmalla Frame voice report! -logo, keskell\u00e4 Fingon logo ja oikealla EU:n lippu, jonka alla lukee englannista suomennettuna \u201dEuroopan unioni rahoittaa t\u00e4t\u00e4 hanketta\u201d.<\/p>\t\t\t\t\t\t\t\t<\/div>\n\t\t\t\t<\/div>\n\t\t\t\t\t<\/div>\n\t\t<\/div>\n\t\t\t\t<div class=\"elementor-column elementor-col-16 elementor-top-column elementor-element elementor-element-34add28\" data-id=\"34add28\" data-element_type=\"column\">\n\t\t\t<div class=\"elementor-widget-wrap\">\n\t\t\t\t\t\t\t<\/div>\n\t\t<\/div>\n\t\t\t\t\t<\/div>\n\t\t<\/section>\n\t\t\t\t<section class=\"elementor-section elementor-top-section elementor-element elementor-element-48045b8 elementor-section-boxed elementor-section-height-default elementor-section-height-default\" data-id=\"48045b8\" data-element_type=\"section\">\n\t\t\t\t\t\t<div class=\"elementor-container elementor-column-gap-default\">\n\t\t\t\t\t<div class=\"elementor-column elementor-col-100 elementor-top-column elementor-element elementor-element-3f8770ff\" data-id=\"3f8770ff\" data-element_type=\"column\">\n\t\t\t<div class=\"elementor-widget-wrap elementor-element-populated\">\n\t\t\t\t\t\t<div class=\"elementor-element elementor-element-4ebebfd6 elementor-widget elementor-widget-spacer\" data-id=\"4ebebfd6\" data-element_type=\"widget\" data-widget_type=\"spacer.default\">\n\t\t\t\t<div class=\"elementor-widget-container\">\n\t\t\t\t\t\t\t<div class=\"elementor-spacer\">\n\t\t\t<div class=\"elementor-spacer-inner\"><\/div>\n\t\t<\/div>\n\t\t\t\t\t\t<\/div>\n\t\t\t\t<\/div>\n\t\t\t\t\t<\/div>\n\t\t<\/div>\n\t\t\t\t\t<\/div>\n\t\t<\/section>\n\t\t\t\t<\/div>\n\t\t","protected":false},"excerpt":{"rendered":"<p>Tekstivastine videolle Nuoret ja Rohkeat: Vimma.<\/p>\n","protected":false},"author":3,"featured_media":0,"comment_status":"closed","ping_status":"closed","sticky":false,"template":"elementor_header_footer","format":"standard","meta":{"om_disable_all_campaigns":false,"_monsterinsights_skip_tracking":false,"_monsterinsights_sitenote_active":false,"_monsterinsights_sitenote_note":"","_monsterinsights_sitenote_category":0,"footnotes":"","_links_to":"","_links_to_target":""},"categories":[1],"tags":[],"class_list":["post-21529","post","type-post","status-publish","format-standard","hentry","category-uncategorized-fi"],"aioseo_notices":[],"_links":{"self":[{"href":"https:\/\/rauhankasvatus.fi\/en\/wp-json\/wp\/v2\/posts\/21529","targetHints":{"allow":["GET"]}}],"collection":[{"href":"https:\/\/rauhankasvatus.fi\/en\/wp-json\/wp\/v2\/posts"}],"about":[{"href":"https:\/\/rauhankasvatus.fi\/en\/wp-json\/wp\/v2\/types\/post"}],"author":[{"embeddable":true,"href":"https:\/\/rauhankasvatus.fi\/en\/wp-json\/wp\/v2\/users\/3"}],"replies":[{"embeddable":true,"href":"https:\/\/rauhankasvatus.fi\/en\/wp-json\/wp\/v2\/comments?post=21529"}],"version-history":[{"count":4,"href":"https:\/\/rauhankasvatus.fi\/en\/wp-json\/wp\/v2\/posts\/21529\/revisions"}],"predecessor-version":[{"id":21534,"href":"https:\/\/rauhankasvatus.fi\/en\/wp-json\/wp\/v2\/posts\/21529\/revisions\/21534"}],"wp:attachment":[{"href":"https:\/\/rauhankasvatus.fi\/en\/wp-json\/wp\/v2\/media?parent=21529"}],"wp:term":[{"taxonomy":"category","embeddable":true,"href":"https:\/\/rauhankasvatus.fi\/en\/wp-json\/wp\/v2\/categories?post=21529"},{"taxonomy":"post_tag","embeddable":true,"href":"https:\/\/rauhankasvatus.fi\/en\/wp-json\/wp\/v2\/tags?post=21529"}],"curies":[{"name":"wp","href":"https:\/\/api.w.org\/{rel}","templated":true}]}}