{"id":21513,"date":"2022-09-30T07:08:46","date_gmt":"2022-09-30T07:08:46","guid":{"rendered":"https:\/\/rauhankasvatus.fi\/?p=21513"},"modified":"2022-09-30T08:55:44","modified_gmt":"2022-09-30T08:55:44","slug":"tekstivastine-nuoret-ja-rohkeat-julianna","status":"publish","type":"post","link":"https:\/\/rauhankasvatus.fi\/tekstivastine-nuoret-ja-rohkeat-julianna\/","title":{"rendered":"Tekstivastine \u2013 Nuoret ja rohkeat: Julianna"},"content":{"rendered":"\t\t<div data-elementor-type=\"wp-post\" data-elementor-id=\"21513\" class=\"elementor elementor-21513\" data-elementor-post-type=\"post\">\n\t\t\t\t\t\t<section class=\"elementor-section elementor-top-section elementor-element elementor-element-60a19276 elementor-section-boxed elementor-section-height-default elementor-section-height-default\" data-id=\"60a19276\" data-element_type=\"section\">\n\t\t\t\t\t\t<div class=\"elementor-container elementor-column-gap-default\">\n\t\t\t\t\t<div class=\"elementor-column elementor-col-100 elementor-top-column elementor-element elementor-element-3983f379\" data-id=\"3983f379\" data-element_type=\"column\">\n\t\t\t<div class=\"elementor-widget-wrap elementor-element-populated\">\n\t\t\t\t\t\t<div class=\"elementor-element elementor-element-24dbdaa7 elementor-hidden-tablet elementor-widget elementor-widget-spacer\" data-id=\"24dbdaa7\" data-element_type=\"widget\" data-widget_type=\"spacer.default\">\n\t\t\t\t<div class=\"elementor-widget-container\">\n\t\t\t\t\t\t\t<div class=\"elementor-spacer\">\n\t\t\t<div class=\"elementor-spacer-inner\"><\/div>\n\t\t<\/div>\n\t\t\t\t\t\t<\/div>\n\t\t\t\t<\/div>\n\t\t\t\t\t<\/div>\n\t\t<\/div>\n\t\t\t\t\t<\/div>\n\t\t<\/section>\n\t\t\t\t<section class=\"elementor-section elementor-top-section elementor-element elementor-element-700f5e1d elementor-section-boxed elementor-section-height-default elementor-section-height-default\" data-id=\"700f5e1d\" data-element_type=\"section\">\n\t\t\t\t\t\t<div class=\"elementor-container elementor-column-gap-default\">\n\t\t\t\t\t<div class=\"elementor-column elementor-col-16 elementor-top-column elementor-element elementor-element-58bc1006\" data-id=\"58bc1006\" data-element_type=\"column\">\n\t\t\t<div class=\"elementor-widget-wrap\">\n\t\t\t\t\t\t\t<\/div>\n\t\t<\/div>\n\t\t\t\t<div class=\"elementor-column elementor-col-66 elementor-top-column elementor-element elementor-element-10577f0c\" data-id=\"10577f0c\" data-element_type=\"column\">\n\t\t\t<div class=\"elementor-widget-wrap elementor-element-populated\">\n\t\t\t\t\t\t<div class=\"elementor-element elementor-element-43ddc529 elementor-widget elementor-widget-heading\" data-id=\"43ddc529\" data-element_type=\"widget\" data-widget_type=\"heading.default\">\n\t\t\t\t<div class=\"elementor-widget-container\">\n\t\t\t\t\t<h1 class=\"elementor-heading-title elementor-size-default\">Tekstivastine \u2013 Nuoret ja rohkeat: Julianna<\/h1>\t\t\t\t<\/div>\n\t\t\t\t<\/div>\n\t\t\t\t<div class=\"elementor-element elementor-element-cde3044 elementor-widget elementor-widget-text-editor\" data-id=\"cde3044\" data-element_type=\"widget\" data-widget_type=\"text-editor.default\">\n\t\t\t\t<div class=\"elementor-widget-container\">\n\t\t\t\t\t\t\t\t\t<p>Ruudulla n\u00e4kyy junan p\u00f6yt\u00e4, jossa on pieni punavalkoinen termostaattimuki. <br \/>Kamera k\u00e4\u00e4ntyy kuvaamaan junan ikkunasta lumetonta talvimaisemaa, ja Julianna Brandt kertoo samalla:<\/p><p>T\u00e4s m\u00e4 taas perus menossa junalla Helsinkiin t\u00f6ihin. M\u00e4 otan melkeen aina t\u00e4n yl\u00e4kerran paikan, koska nyt t\u00e4\u00e4 maisema ei oo ehk\u00e4 kaikista parhain, mutta semmosina kauniina ja kuulaana p\u00e4iv\u00e4n\u00e4 t\u00e4st\u00e4 n\u00e4kee kauniisti kaikkii maisemii. Sit mul on aina kahvii, jonka hain \u00c4rr\u00e4lt\u00e4. Ja joo, ku m\u00e4 mietin, et millanen on mun aktivismi\/ty\u00f6p\u00e4iv\u00e4, niin paljon VR:n kautta sponssailuja.<br \/>Julianna kuvaa itse\u00e4\u00e4n ja kertoo rauhallisesti kameralle:<\/p><p>Moi. M\u00e4 oon Helsingiss\u00e4 ja meen ihan just tapaamaan Jenniinaa asemalle ja sit me l\u00e4het\u00e4\u00e4n studiolle. Mutta siis teen Yle Puheelta tulevaa Vammaiskultti radio-ohjelmaa ja jota on tullu nyt kaks kautta, tai me teh\u00e4\u00e4n parhaillaan toista kautta. Se miks m\u00e4 halusin teh\u00e4 sit\u00e4 ohjelmaa ja miks se on \u00e4\u00e4rett\u00f6m\u00e4n t\u00e4rkeet\u00e4, on ensinn\u00e4kin se, ett\u00e4 me halutaan rakentaa siltoja vammaisten ja vammattomien ihmisten v\u00e4lille. Tuntuu, ettei vammaisuudesta oo ihmisill\u00e4 tietoo ellei niiden l\u00e4hipiiriss\u00e4 oo jotain ihmist\u00e4 jolla on joku vamma. Ja me halutaan n\u00e4ytt\u00e4\u00e4 ettei t\u00e4\u00e4 oo mitenk\u00e4\u00e4n erikoista, t\u00e4\u00e4 on ihan el\u00e4m\u00e4\u00e4 siin\u00e4 miss\u00e4 muutkin asiat. Ja my\u00f6s siks, ett\u00e4 vammaisuudesta puhutaan mediassa tietyll\u00e4 tavalla. Joko me ollaan sankareita tai sit me ollaan s\u00e4\u00e4linkohteita. Ja m\u00e4 en ikin\u00e4 l\u00f6yt\u00e4ny itteeni noista tarinoista, mutta m\u00e4 en oo ikin\u00e4 l\u00f6yt\u00e4ny itteeni muuten, koska liev\u00e4\u00e4 CP-vammaa tai ylip\u00e4\u00e4t\u00e4\u00e4n liev\u00e4n vammaisuuden muotoja ei oikeastaan esitell\u00e4 populaarikulttuurissa tai mediassa ollenkaan. Mulla itell\u00e4 on liev\u00e4 CP-vamma ja m\u00e4 luulen, et m\u00e4 tarvisin tai oonki tarvinnu siihen vertaistukee. Mutta tosiaan nyt Vammaiskultti on se paikka miss\u00e4 m\u00e4 voin omin sanoin tulla n\u00e4hdyksi ja esitt\u00e4\u00e4 niit\u00e4 asioita mit\u00e4 m\u00e4 haluan kertoa mun vammaisuudesta. Tarkoituksena on my\u00f6s n\u00e4ytt\u00e4\u00e4, ett\u00e4 vamma ei m\u00e4\u00e4rit\u00e4 meit\u00e4 ainoastaan, mut m\u00e4\u00e4ritt\u00e4\u00e4 ihan sika moni muuki asia. Ja joskus se vamma on pieni osa meit\u00e4, joskus se on suurempi osa meit\u00e4. Mut se on silti t\u00e4rkeet\u00e4, koska tuntuu ett\u00e4 aktivisminkin puolella ei puhuta vammaisuudesta tarpeeksi. Se jotenki unohtuu, ei keskustella meit\u00e4 kohtaan olevasta syrjiv\u00e4st\u00e4 k\u00e4yt\u00f6ksest\u00e4 tai ohittamisesta tai mist\u00e4\u00e4n. M\u00e4 koen, et se on semmonen asia mik\u00e4 pit\u00e4\u00e4 parantaa. Joten mainos mainos! Mee tsekkaa Yle Areenasta Vammaiskultti, me puhutaan vaikka mist\u00e4! Jee, hihii!<\/p><p>Kamera kuvaa mustaa kangaskassia, jossa lukee kirkkaan keltaisella tekstill\u00e4 englanniksi \u201dAct like you give a fuck\u201d. Samalla Julianna sanoo:<\/p><p>Musta tuntuu oikeesti, et tyylill\u00e4 t\u00e4\u00e4 yksinkertainen, mutta \u00e4lytt\u00f6m\u00e4n hieno lause kuvaa mua ihmisen\u00e4. Koska, m\u00e4 en jotenki voi olla aloillani ja hiljaa jos tapahtuu jotain ep\u00e4oikeudenmukaista. Musta v\u00e4linpit\u00e4m\u00e4tt\u00f6myys on pahinta mit\u00e4 t\u00e4ss\u00e4 maailmassa on, tai ainakin yksi todellaki pahimpia asioita. Joten pakko oli ostaa t\u00e4\u00e4 kangaskassi, koska t\u00e4\u00e4 vaa kokoaa jotenkin sen mun aktivismin merkityksen. Ja m\u00e4 toivon, ett\u00e4 my\u00f6s muut ihmiset her\u00e4ttelee t\u00e4t\u00e4 sisimm\u00e4ss\u00e4\u00e4n.<\/p><p>Kamera kuvaa n\u00e4yteikkunaa, jonka sis\u00e4ll\u00e4 on Yle puheen mainos Vammaiskultti radio-ohjelmasta. Mainos on v\u00e4rik\u00e4s ja siin\u00e4 poseeraavat Vammaiskultin juontajat Jenniina J\u00e4rvi ja Julianna Brandt.<\/p><p>Tuulen humistessa taustalla Julianna sanoo:<br \/>Jee, siin\u00e4 me ollaan meid\u00e4n tuotantoyhti\u00f6n ikkunassa! Ihan sika hieno kuva!<\/p><p>Videon loppun\u00e4kym\u00e4ss\u00e4 on nelj\u00e4 logoa valkoisella taustalla. Keskell\u00e4 suurilla mustilla kirjaimilla on Nuoret &amp; Rohkeat -logo, alavasemmalla Frame voice report! -logo, keskell\u00e4 Fingon logo ja oikealla EU:n lippu, jonka alla lukee englannista suomennettuna \u201dEuroopan unioni rahoittaa t\u00e4t\u00e4 hanketta\u201d.<\/p>\t\t\t\t\t\t\t\t<\/div>\n\t\t\t\t<\/div>\n\t\t\t\t\t<\/div>\n\t\t<\/div>\n\t\t\t\t<div class=\"elementor-column elementor-col-16 elementor-top-column elementor-element elementor-element-4a492940\" data-id=\"4a492940\" data-element_type=\"column\">\n\t\t\t<div class=\"elementor-widget-wrap\">\n\t\t\t\t\t\t\t<\/div>\n\t\t<\/div>\n\t\t\t\t\t<\/div>\n\t\t<\/section>\n\t\t\t\t<section class=\"elementor-section elementor-top-section elementor-element elementor-element-5a81bb7d elementor-section-boxed elementor-section-height-default elementor-section-height-default\" data-id=\"5a81bb7d\" data-element_type=\"section\">\n\t\t\t\t\t\t<div class=\"elementor-container elementor-column-gap-default\">\n\t\t\t\t\t<div class=\"elementor-column elementor-col-100 elementor-top-column elementor-element elementor-element-17ec42e2\" data-id=\"17ec42e2\" data-element_type=\"column\">\n\t\t\t<div class=\"elementor-widget-wrap elementor-element-populated\">\n\t\t\t\t\t\t<div class=\"elementor-element elementor-element-51933966 elementor-widget elementor-widget-spacer\" data-id=\"51933966\" data-element_type=\"widget\" data-widget_type=\"spacer.default\">\n\t\t\t\t<div class=\"elementor-widget-container\">\n\t\t\t\t\t\t\t<div class=\"elementor-spacer\">\n\t\t\t<div class=\"elementor-spacer-inner\"><\/div>\n\t\t<\/div>\n\t\t\t\t\t\t<\/div>\n\t\t\t\t<\/div>\n\t\t\t\t\t<\/div>\n\t\t<\/div>\n\t\t\t\t\t<\/div>\n\t\t<\/section>\n\t\t\t\t<\/div>\n\t\t","protected":false},"excerpt":{"rendered":"<p>Tekstivastine videolle Nuoret ja rohkeat: Julianna.<\/p>\n","protected":false},"author":3,"featured_media":0,"comment_status":"closed","ping_status":"closed","sticky":false,"template":"elementor_header_footer","format":"standard","meta":{"om_disable_all_campaigns":false,"_monsterinsights_skip_tracking":false,"_monsterinsights_sitenote_active":false,"_monsterinsights_sitenote_note":"","_monsterinsights_sitenote_category":0,"footnotes":"","_links_to":"","_links_to_target":""},"categories":[1],"tags":[],"class_list":["post-21513","post","type-post","status-publish","format-standard","hentry","category-uncategorized-fi"],"aioseo_notices":[],"_links":{"self":[{"href":"https:\/\/rauhankasvatus.fi\/en\/wp-json\/wp\/v2\/posts\/21513","targetHints":{"allow":["GET"]}}],"collection":[{"href":"https:\/\/rauhankasvatus.fi\/en\/wp-json\/wp\/v2\/posts"}],"about":[{"href":"https:\/\/rauhankasvatus.fi\/en\/wp-json\/wp\/v2\/types\/post"}],"author":[{"embeddable":true,"href":"https:\/\/rauhankasvatus.fi\/en\/wp-json\/wp\/v2\/users\/3"}],"replies":[{"embeddable":true,"href":"https:\/\/rauhankasvatus.fi\/en\/wp-json\/wp\/v2\/comments?post=21513"}],"version-history":[{"count":11,"href":"https:\/\/rauhankasvatus.fi\/en\/wp-json\/wp\/v2\/posts\/21513\/revisions"}],"predecessor-version":[{"id":21528,"href":"https:\/\/rauhankasvatus.fi\/en\/wp-json\/wp\/v2\/posts\/21513\/revisions\/21528"}],"wp:attachment":[{"href":"https:\/\/rauhankasvatus.fi\/en\/wp-json\/wp\/v2\/media?parent=21513"}],"wp:term":[{"taxonomy":"category","embeddable":true,"href":"https:\/\/rauhankasvatus.fi\/en\/wp-json\/wp\/v2\/categories?post=21513"},{"taxonomy":"post_tag","embeddable":true,"href":"https:\/\/rauhankasvatus.fi\/en\/wp-json\/wp\/v2\/tags?post=21513"}],"curies":[{"name":"wp","href":"https:\/\/api.w.org\/{rel}","templated":true}]}}