{"id":14902,"date":"2022-06-14T12:17:24","date_gmt":"2022-06-14T12:17:24","guid":{"rendered":"https:\/\/rauhankasvatus.fi\/?p=14902"},"modified":"2022-06-15T07:54:04","modified_gmt":"2022-06-15T07:54:04","slug":"tekstivastine-dakota","status":"publish","type":"post","link":"https:\/\/rauhankasvatus.fi\/en\/tekstivastine-dakota\/","title":{"rendered":"Tekstivastine Dakota"},"content":{"rendered":"\t\t<div data-elementor-type=\"wp-post\" data-elementor-id=\"14902\" class=\"elementor elementor-14902\" data-elementor-post-type=\"post\">\n\t\t\t\t\t\t<section class=\"elementor-section elementor-top-section elementor-element elementor-element-6d7d9162 elementor-section-boxed elementor-section-height-default elementor-section-height-default\" data-id=\"6d7d9162\" data-element_type=\"section\">\n\t\t\t\t\t\t<div class=\"elementor-container elementor-column-gap-default\">\n\t\t\t\t\t<div class=\"elementor-column elementor-col-100 elementor-top-column elementor-element elementor-element-35722c58\" data-id=\"35722c58\" data-element_type=\"column\">\n\t\t\t<div class=\"elementor-widget-wrap elementor-element-populated\">\n\t\t\t\t\t\t<div class=\"elementor-element elementor-element-25765dc elementor-hidden-tablet elementor-widget elementor-widget-spacer\" data-id=\"25765dc\" data-element_type=\"widget\" data-widget_type=\"spacer.default\">\n\t\t\t\t<div class=\"elementor-widget-container\">\n\t\t\t\t\t\t\t<div class=\"elementor-spacer\">\n\t\t\t<div class=\"elementor-spacer-inner\"><\/div>\n\t\t<\/div>\n\t\t\t\t\t\t<\/div>\n\t\t\t\t<\/div>\n\t\t\t\t\t<\/div>\n\t\t<\/div>\n\t\t\t\t\t<\/div>\n\t\t<\/section>\n\t\t\t\t<section class=\"elementor-section elementor-top-section elementor-element elementor-element-5c5f30ab elementor-section-boxed elementor-section-height-default elementor-section-height-default\" data-id=\"5c5f30ab\" data-element_type=\"section\">\n\t\t\t\t\t\t<div class=\"elementor-container elementor-column-gap-default\">\n\t\t\t\t\t<div class=\"elementor-column elementor-col-16 elementor-top-column elementor-element elementor-element-25ff4b01\" data-id=\"25ff4b01\" data-element_type=\"column\">\n\t\t\t<div class=\"elementor-widget-wrap\">\n\t\t\t\t\t\t\t<\/div>\n\t\t<\/div>\n\t\t\t\t<div class=\"elementor-column elementor-col-66 elementor-top-column elementor-element elementor-element-213e170a\" data-id=\"213e170a\" data-element_type=\"column\">\n\t\t\t<div class=\"elementor-widget-wrap elementor-element-populated\">\n\t\t\t\t\t\t<div class=\"elementor-element elementor-element-7ff64705 elementor-widget elementor-widget-heading\" data-id=\"7ff64705\" data-element_type=\"widget\" data-widget_type=\"heading.default\">\n\t\t\t\t<div class=\"elementor-widget-container\">\n\t\t\t\t\t<h1 class=\"elementor-heading-title elementor-size-default\">Tekstivastine: Tarinoita aktivismista \u2013 Dakota<\/h1>\t\t\t\t<\/div>\n\t\t\t\t<\/div>\n\t\t\t\t<div class=\"elementor-element elementor-element-7abb6af9 elementor-widget elementor-widget-text-editor\" data-id=\"7abb6af9\" data-element_type=\"widget\" data-widget_type=\"text-editor.default\">\n\t\t\t\t<div class=\"elementor-widget-container\">\n\t\t\t\t\t\t\t\t\t<p><span style=\"font-family: var( --e-global-typography-text-font-family ), Sans-serif; font-size: var( --e-global-typography-text-font-size ); font-weight: var( --e-global-typography-text-font-weight );\">Videolla puhuu Dakota Demirbas. Video on Dakotan itsens\u00e4 tekem\u00e4.&nbsp;<\/span><span style=\"font-family: var( --e-global-typography-text-font-family ), Sans-serif; font-size: var( --e-global-typography-text-font-size ); font-weight: var( --e-global-typography-text-font-weight );\">Dakota seisoo valkoinen pipo ja musta t-paita p\u00e4\u00e4ll\u00e4\u00e4n huoneessa, jossa on valkoiset sein\u00e4t ja verhot.&nbsp;&nbsp;<\/span><\/p><p><span style=\"font-family: var( --e-global-typography-text-font-family ), Sans-serif; font-size: var( --e-global-typography-text-font-size ); font-weight: var( --e-global-typography-text-font-weight );\">Dakota sanoo:&nbsp;&nbsp;<\/span><\/p><p><span style=\"font-family: var( --e-global-typography-text-font-family ), Sans-serif; font-size: var( --e-global-typography-text-font-size ); font-weight: var( --e-global-typography-text-font-weight );\">Moikka! Mun nimi on Dakota Demirbas ja m\u00e4 oon ilmeisesti aktivisti. Miks m\u00e4 sanon ilmeisesti aktivisti on se, ett\u00e4 m\u00e4 en oo koskaan antanut itselleni sit\u00e4 titteli\u00e4, ett\u00e4 se on v\u00e4h\u00e4n niin kuin tullut toiminnan kautta, ett\u00e4 just semmosta aktiivista toimintaa omien arvojen sanottamana ja semmosta niin kuin yhteiskunnalista vaikuttamista, niin sit\u00e4 kun tekee aktiivisesti, niin saa nimikkeen &#8220;aktivisti&#8221;, ilmeisesti.&nbsp;<\/span><\/p><p><span style=\"font-family: var( --e-global-typography-text-font-family ), Sans-serif; font-size: var( --e-global-typography-text-font-size ); font-weight: var( --e-global-typography-text-font-weight );\">M\u00e4 oon ollut tosi aktiivinen niin kuin LGBTQ+ -yhteis\u00f6ss\u00e4 ja nyt esimerkiksi Suomessa ja oon jatkanut t\u00f6it\u00e4 t\u00e4ll\u00e4 hetkell\u00e4 Lontoossa, mik\u00e4 on hauska asia, ett\u00e4 ihmiset ajattelee, ett\u00e4 miten pystyy tehd\u00e4 aktivistity\u00f6t\u00e4 vaikka muualla maailmalla helposti, koska sillon yleens\u00e4 ne arvot on kuitenkin samat ja se toiminta pit\u00e4\u00e4 pohjautua niihin omiin arvoihin niin se, ett\u00e4 oot s\u00e4 ihmisoikeusaktivisti tai transaktivisti Suomessa tai Lontoossa niin, se ei paljon poikkea. M\u00e4 en halua luokitella itse\u00e4ni transaktivistiksi, koska m\u00e4 koen, ett\u00e4 se on taas pelkk\u00e4 yksi lokerointi, ett\u00e4 m\u00e4 puhun vaan pelk\u00e4st\u00e4\u00e4n transihmisyydest\u00e4 ja niiden oikeuksista, mik\u00e4 on tosiaan se mun p\u00e4\u00e4tavoite, on edist\u00e4\u00e4 arvoja, jotka ei oo tasa-arvossa, mutta se ei nimenomaan oo pelk\u00e4st\u00e4\u00e4n transarvoja vaan semmosia enemm\u00e4n ihmisarvoja, ja mihin m\u00e4 oon nyky\u00e4\u00e4n keskittynyt tosi paljon viime aikoina, on sukupuoliroolit.&nbsp;<\/span><\/p><p><span style=\"font-family: var( --e-global-typography-text-font-family ), Sans-serif; font-size: var( --e-global-typography-text-font-size ); font-weight: var( --e-global-typography-text-font-weight );\">Sukupuoliroolit mua kiinnostaa, koska m\u00e4 oon huomannut itse, kun m\u00e4 en ole mahtunut itse koskaan kumpaankaan lokeroon niin sen ulkopuolella el\u00e4minen ei oo ollut helppoa mutta samaan aikaan se oli itseasiassa aika vapauttavaa, koska aina kun m\u00e4 kuuntelen ihmisten tarinoita tai ihmisyydest\u00e4, niin jokaisella on kokemus, ett\u00e4 ei ole ollut jollain tavalla riitt\u00e4v\u00e4 tai painolle riitt\u00e4v\u00e4 tytt\u00f6n\u00e4 tai poikana, ja sitten meist\u00e4 tulee miehi\u00e4 ja naisia, ja pit\u00e4\u00e4 olla sit\u00e4 ja t\u00e4t\u00e4 naisille laitetaan sellaiset raamit, ett\u00e4 mihin kukaan ei pysty mahtumaan ja mik\u00e4 ei ole realistinen ja miehille laitetaan my\u00f6s semmoiset raamit. Sitten me yritet\u00e4\u00e4n loppuel\u00e4m\u00e4mme niihin rooleihin mahtua.&nbsp;<\/span><\/p><p><span style=\"font-family: var( --e-global-typography-text-font-family ), Sans-serif; font-size: var( --e-global-typography-text-font-size ); font-weight: var( --e-global-typography-text-font-weight );\">Riitt\u00e4m\u00e4tt\u00f6myyden tunnehan sielt\u00e4 tulee ja sitten sellainen turhautuminen siit\u00e4 niin kuin roolissa el\u00e4minen, ne tuo tosi paljon sellaista turhauttavaa energiaa, ja sitten sit\u00e4 kautta sit\u00e4 pahaa oloa ja sitten sit\u00e4 pahaa oloa puretaan ulkopuolelle, niin kuin toksinen maskuliinisuus. Niin m\u00e4 koen, ett\u00e4 sukupuoliroolit ei oo hy\u00f6dyllisi\u00e4 itse asiassa kenellek\u00e4\u00e4n. M\u00e4 koen, ett\u00e4 sukupuoliroolit laittaa niin tiukan rajan omaan koko olemiseen, miten sun pit\u00e4isi pukeutua, k\u00e4ytt\u00e4yty\u00e4, olla, puhua, mihin s\u00e4 kykenet, mihin s\u00e4 et kykene, mit\u00e4 s\u00e4 saat tehd\u00e4 tai mist\u00e4 s\u00e4 saat tyk\u00e4t\u00e4 ja mist\u00e4 et saa tyk\u00e4t\u00e4. Ja se rajaa niin paljon ihmisen t\u00e4ytt\u00e4 potentiaalisuutta olla jotain, ja m\u00e4 koen, ett\u00e4 se on aika vanhanaikainen ja h\u00f6lm\u00f6 ajatusmalli, ett\u00e4 me kasvatetaan meid\u00e4n lapset tavalla perustuen niiden genitaalialueisiin eik\u00e4 niink\u00e4\u00e4n niiden yksil\u00f6llisiin tarpeisiin tai persoonallisuuteen tai ominaisuuksiin.&nbsp;<\/span><\/p><p><span style=\"font-family: var( --e-global-typography-text-font-family ), Sans-serif; font-size: var( --e-global-typography-text-font-size ); font-weight: var( --e-global-typography-text-font-weight );\">M\u00e4 koen, ett\u00e4 meit\u00e4 ihmisi\u00e4 niin paljon tavallaan jaetaan luokkiin ja sitten sit\u00e4 helposti usutetaan luokkia toisiamme vastaan, ett\u00e4 pelk\u00e4st\u00e4\u00e4n sukupuoliroolit, huomaa, ett\u00e4 t\u00e4llainen feministisyys ja sitten se vastarinta on jo nostanut p\u00e4\u00e4t\u00e4\u00e4n tosi paljon ja se kaikki l\u00e4htee vaan siit\u00e4, ett\u00e4 me alotaan erottelemaan ja keskityt\u00e4\u00e4n niihin enemm\u00e4n niihin sukupuolieroavaisuuksiin, kuin niihin samanlaisuuksiin, ja me laitetaan jo niit\u00e4 tavallaan eri joukkueita vastakkain jo ihan sielt\u00e4 lapsuudesta asti, mik\u00e4 on ihan tarpeetonta, ett\u00e4 mulla on oma kokemus siit\u00e4, ett\u00e4 m\u00e4 pelasin fudista aina poikien kanssa.&nbsp;<\/span><\/p><p><span style=\"font-family: var( --e-global-typography-text-font-family ), Sans-serif; font-size: var( --e-global-typography-text-font-size ); font-weight: var( --e-global-typography-text-font-weight );\">Mun kaikki kaverit oli poikia, koska mun maailma vaan kohtasi maskuliinisen maailman kanssa helpommin mutta sitten yht\u00e4kki\u00e4 alettiinkin \u2013 ja ket\u00e4\u00e4n mun kavereita ei haitannut, ei kiinnostanut kuka m\u00e4 olin, koska m\u00e4 olin lojaali, hyv\u00e4 tyyppi ja kiva kaveri niin se riitti. Mutta sitten aikuiset alkoi meit\u00e4 erottelemaan sen takia, ett\u00e4 m\u00e4 olin tytt\u00f6. Ja&nbsp; ei meist\u00e4 lapsista kukaan ymm\u00e4rt\u00e4nyt, mink\u00e4 takia m\u00e4 en en\u00e4\u00e4 saisi pelata siin\u00e4 joukkueessa jalkapalloa.&nbsp;<\/span><\/p><p><span style=\"font-family: var( --e-global-typography-text-font-family ), Sans-serif; font-size: var( --e-global-typography-text-font-size ); font-weight: var( --e-global-typography-text-font-weight );\">Mutta n\u00e4m\u00e4 on asioita, mit\u00e4 m\u00e4 pyrin tuomaan esiin ja puhumaan niist\u00e4 ja m\u00e4 koen, ett\u00e4 nyt, jos joskus meid\u00e4n pit\u00e4isi kiinnitt\u00e4\u00e4 huomiota niihin sukupuolirooleihin. Mik\u00e4 rooli meille annetaan pelaa, esitt\u00e4\u00e4 ja miten se vaikuttaa meid\u00e4n koko yksil\u00f6lliseen hyvinvointiin ja yhteiskunnalliseen hyvinvointiin.&nbsp;<\/span><br><\/p><p><span style=\"font-family: var( --e-global-typography-text-font-family ), Sans-serif; font-size: var( --e-global-typography-text-font-size ); font-weight: var( --e-global-typography-text-font-weight );\">Kuva siirtyy\u202fDakotasta\u202floppun\u00e4kym\u00e4\u00e4n. Lopussa on iso Nuoret ja Rohekat logo, v\u00e4rik\u00e4s Frame, Voice, Report -logo, Fingon logo sek\u00e4 Euroopan unionin logo tekstill\u00e4 This project is funded by the European Union.&nbsp;<\/span><br><\/p>\t\t\t\t\t\t\t\t<\/div>\n\t\t\t\t<\/div>\n\t\t\t\t\t<\/div>\n\t\t<\/div>\n\t\t\t\t<div class=\"elementor-column elementor-col-16 elementor-top-column elementor-element elementor-element-479f5fd0\" data-id=\"479f5fd0\" data-element_type=\"column\">\n\t\t\t<div class=\"elementor-widget-wrap\">\n\t\t\t\t\t\t\t<\/div>\n\t\t<\/div>\n\t\t\t\t\t<\/div>\n\t\t<\/section>\n\t\t\t\t<section class=\"elementor-section elementor-top-section elementor-element elementor-element-5f4e5960 elementor-section-boxed elementor-section-height-default elementor-section-height-default\" data-id=\"5f4e5960\" data-element_type=\"section\">\n\t\t\t\t\t\t<div class=\"elementor-container elementor-column-gap-default\">\n\t\t\t\t\t<div class=\"elementor-column elementor-col-100 elementor-top-column elementor-element elementor-element-70cf5e35\" data-id=\"70cf5e35\" data-element_type=\"column\">\n\t\t\t<div class=\"elementor-widget-wrap elementor-element-populated\">\n\t\t\t\t\t\t<div class=\"elementor-element elementor-element-18c5a277 elementor-widget elementor-widget-spacer\" data-id=\"18c5a277\" data-element_type=\"widget\" data-widget_type=\"spacer.default\">\n\t\t\t\t<div class=\"elementor-widget-container\">\n\t\t\t\t\t\t\t<div class=\"elementor-spacer\">\n\t\t\t<div class=\"elementor-spacer-inner\"><\/div>\n\t\t<\/div>\n\t\t\t\t\t\t<\/div>\n\t\t\t\t<\/div>\n\t\t\t\t\t<\/div>\n\t\t<\/div>\n\t\t\t\t\t<\/div>\n\t\t<\/section>\n\t\t\t\t<\/div>\n\t\t","protected":false},"excerpt":{"rendered":"<p>Tekstivastine: Tarinoita aktivismista \u2013 Dakota Videolla puhuu Dakota Demirbas. Video on Dakotan itsens\u00e4 tekem\u00e4.&nbsp;Dakota seisoo valkoinen pipo ja musta t-paita p\u00e4\u00e4ll\u00e4\u00e4n huoneessa, jossa on valkoiset sein\u00e4t ja verhot.&nbsp;&nbsp; Dakota sanoo:&nbsp;&nbsp; Moikka! Mun nimi on Dakota Demirbas ja m\u00e4 oon ilmeisesti aktivisti. Miks m\u00e4 sanon ilmeisesti aktivisti on se, ett\u00e4 m\u00e4 en oo koskaan antanut itselleni [&hellip;]<\/p>\n","protected":false},"author":3,"featured_media":0,"comment_status":"closed","ping_status":"closed","sticky":false,"template":"elementor_header_footer","format":"standard","meta":{"om_disable_all_campaigns":false,"_monsterinsights_skip_tracking":false,"_monsterinsights_sitenote_active":false,"_monsterinsights_sitenote_note":"","_monsterinsights_sitenote_category":0,"footnotes":"","_links_to":"","_links_to_target":""},"categories":[1],"tags":[],"class_list":["post-14902","post","type-post","status-publish","format-standard","hentry","category-uncategorized-fi"],"aioseo_notices":[],"_links":{"self":[{"href":"https:\/\/rauhankasvatus.fi\/en\/wp-json\/wp\/v2\/posts\/14902","targetHints":{"allow":["GET"]}}],"collection":[{"href":"https:\/\/rauhankasvatus.fi\/en\/wp-json\/wp\/v2\/posts"}],"about":[{"href":"https:\/\/rauhankasvatus.fi\/en\/wp-json\/wp\/v2\/types\/post"}],"author":[{"embeddable":true,"href":"https:\/\/rauhankasvatus.fi\/en\/wp-json\/wp\/v2\/users\/3"}],"replies":[{"embeddable":true,"href":"https:\/\/rauhankasvatus.fi\/en\/wp-json\/wp\/v2\/comments?post=14902"}],"version-history":[{"count":4,"href":"https:\/\/rauhankasvatus.fi\/en\/wp-json\/wp\/v2\/posts\/14902\/revisions"}],"predecessor-version":[{"id":15048,"href":"https:\/\/rauhankasvatus.fi\/en\/wp-json\/wp\/v2\/posts\/14902\/revisions\/15048"}],"wp:attachment":[{"href":"https:\/\/rauhankasvatus.fi\/en\/wp-json\/wp\/v2\/media?parent=14902"}],"wp:term":[{"taxonomy":"category","embeddable":true,"href":"https:\/\/rauhankasvatus.fi\/en\/wp-json\/wp\/v2\/categories?post=14902"},{"taxonomy":"post_tag","embeddable":true,"href":"https:\/\/rauhankasvatus.fi\/en\/wp-json\/wp\/v2\/tags?post=14902"}],"curies":[{"name":"wp","href":"https:\/\/api.w.org\/{rel}","templated":true}]}}